{"id":166782,"date":"2020-08-13T20:02:35","date_gmt":"2020-08-13T23:02:35","guid":{"rendered":"https:\/\/diarioregionaldigital.com.br\/?p=166782"},"modified":"2020-08-13T20:02:35","modified_gmt":"2020-08-13T23:02:35","slug":"conselho-superior-aprova-ensino-remoto-emergencial-na-graduacao","status":"publish","type":"post","link":"https:\/\/diarioregionaldigital.com.br\/?p=166782","title":{"rendered":"Conselho Superior aprova ensino remoto emergencial na gradua\u00e7\u00e3o"},"content":{"rendered":"<p>O Conselho Superior (Consu) da Universidade Federal de Juiz de Fora (UFJF) aprovou a resolu\u00e7\u00e3o que regulamenta o ensino remoto emergencial na gradua\u00e7\u00e3o. Ap\u00f3s mais de 16 horas de aprecia\u00e7\u00e3o, debates, acr\u00e9scimos, altera\u00e7\u00f5es e ajustes, os conselheiros finalizaram a vota\u00e7\u00e3o do texto nesta quinta-feira, 13.<\/p>\n<p>O documento agora passa por uma revis\u00e3o a ser feita pela Secretaria Geral da UFJF. A previs\u00e3o \u00e9 de que a resolu\u00e7\u00e3o seja publicada nesta sexta-feira, 14, quando todo seu teor estar\u00e1 dispon\u00edvel.<\/p>\n<p>Diante da aprova\u00e7\u00e3o do ensino remoto emergencial, o Conselho de Gradua\u00e7\u00e3o (Congrad) poder\u00e1 se reunir para definir o novo calend\u00e1rio acad\u00eamico.<\/p>\n<p><strong>Fonte:\u00a0<\/strong>Assessoria<\/p>\n","protected":false},"excerpt":{"rendered":"<p>O Conselho Superior (Consu) da Universidade Federal de Juiz de Fora (UFJF) aprovou a resolu\u00e7\u00e3o que regulamenta o ensino remoto emergencial na gradua\u00e7\u00e3o. Ap\u00f3s mais de 16 horas de aprecia\u00e7\u00e3o, debates, acr\u00e9scimos, altera\u00e7\u00f5es e ajustes, os conselheiros finalizaram a vota\u00e7\u00e3o do texto nesta quinta-feira, 13. O documento agora passa por uma revis\u00e3o a ser feita [&hellip;]<\/p>\n","protected":false},"author":96,"featured_media":166783,"comment_status":"closed","ping_status":"closed","sticky":false,"template":"","format":"standard","meta":{"footnotes":""},"categories":[253,436,440,439],"tags":[],"class_list":["post-166782","post","type-post","status-publish","format-standard","has-post-thumbnail","hentry","category-cidade","category-destaque-da-semana","category-destaques-do-dia","category-ultima-hora"],"_links":{"self":[{"href":"https:\/\/diarioregionaldigital.com.br\/index.php?rest_route=\/wp\/v2\/posts\/166782","targetHints":{"allow":["GET"]}}],"collection":[{"href":"https:\/\/diarioregionaldigital.com.br\/index.php?rest_route=\/wp\/v2\/posts"}],"about":[{"href":"https:\/\/diarioregionaldigital.com.br\/index.php?rest_route=\/wp\/v2\/types\/post"}],"author":[{"embeddable":true,"href":"https:\/\/diarioregionaldigital.com.br\/index.php?rest_route=\/wp\/v2\/users\/96"}],"replies":[{"embeddable":true,"href":"https:\/\/diarioregionaldigital.com.br\/index.php?rest_route=%2Fwp%2Fv2%2Fcomments&post=166782"}],"version-history":[{"count":0,"href":"https:\/\/diarioregionaldigital.com.br\/index.php?rest_route=\/wp\/v2\/posts\/166782\/revisions"}],"wp:featuredmedia":[{"embeddable":true,"href":"https:\/\/diarioregionaldigital.com.br\/index.php?rest_route=\/wp\/v2\/media\/166783"}],"wp:attachment":[{"href":"https:\/\/diarioregionaldigital.com.br\/index.php?rest_route=%2Fwp%2Fv2%2Fmedia&parent=166782"}],"wp:term":[{"taxonomy":"category","embeddable":true,"href":"https:\/\/diarioregionaldigital.com.br\/index.php?rest_route=%2Fwp%2Fv2%2Fcategories&post=166782"},{"taxonomy":"post_tag","embeddable":true,"href":"https:\/\/diarioregionaldigital.com.br\/index.php?rest_route=%2Fwp%2Fv2%2Ftags&post=166782"}],"curies":[{"name":"wp","href":"https:\/\/api.w.org\/{rel}","templated":true}]}}