{"id":166779,"date":"2020-08-13T19:57:47","date_gmt":"2020-08-13T22:57:47","guid":{"rendered":"https:\/\/diarioregionaldigital.com.br\/?p=166779"},"modified":"2020-08-13T19:57:47","modified_gmt":"2020-08-13T22:57:47","slug":"covid-19brasil-tem-12-mil-novas-mortes-e-60-mil-novos-casos","status":"publish","type":"post","link":"https:\/\/diarioregionaldigital.com.br\/?p=166779","title":{"rendered":"Covid-19:Brasil tem 1,2 mil novas mortes e 60 mil novos casos"},"content":{"rendered":"<p>O balan\u00e7o di\u00e1rio do Minist\u00e9rio da Sa\u00fade sobre a pandemia do novo coronav\u00edrus, divulgado\u00a0<span id=\"OBJ_PREFIX_DWT2125_com_zimbra_date\" role=\"link\">hoje<\/span>\u00a0(13), trouxe 1.262\u00a0mortes e 60.091\u00a0casos de covid-19\u00a0registrados nas \u00faltimas 24 horas pelas secretarias estaduais de sa\u00fade. Foi o terceiro dia desde o in\u00edcio da pandemia com maior n\u00famero di\u00e1rio de novas pessoas infectadas. No dia 22 de julho,\u00a0foram\u00a067.860 casos e no dia\u00a0<span id=\"OBJ_PREFIX_DWT2126_com_zimbra_date\" role=\"link\">29 de julho<\/span>, 69.074.<img decoding=\"async\" src=\"https:\/\/agenciabrasil.ebc.com.br\/ebc.png?id=1313656&amp;o=node\" \/><img decoding=\"async\" src=\"https:\/\/agenciabrasil.ebc.com.br\/ebc.gif?id=1313656&amp;o=node\" \/><\/p>\n<p>Com os n\u00fameros de\u00a0<span id=\"OBJ_PREFIX_DWT2127_com_zimbra_date\" role=\"link\">hoje<\/span>, a soma de \u00f3bitos em fun\u00e7\u00e3o da pandemia chegou a 105.463.\u00a0<span id=\"OBJ_PREFIX_DWT2128_com_zimbra_date\" role=\"link\">Ontem<\/span>\u00a0(12) o painel do minist\u00e9rio\u00a0trazia 104.201. Ainda h\u00e1 3.411 mortes em investiga\u00e7\u00e3o. No boletim divulgado\u00a0<span id=\"OBJ_PREFIX_DWT2129_com_zimbra_date\" role=\"link\">ontem<\/span>,\u00a0os dados por semana epidemiol\u00f3gica apontaram a manuten\u00e7\u00e3o da estabilidade nas mortes, com oscila\u00e7\u00e3o de\u00a03% para baixo.<\/p>\n<p>J\u00e1 os casos acumulados totalizam\u00a03.224.876.\u00a0<span id=\"OBJ_PREFIX_DWT2131_com_zimbra_date\" role=\"link\">Ontem<\/span>, o balan\u00e7o do Minist\u00e9rio da Sa\u00fade marcava 3.164.785 pessoas infectadas desde o in\u00edcio da pandemia. De acordo com o boletim epidemiol\u00f3gico, a curva de casos tamb\u00e9m segue em estabiliza\u00e7\u00e3o, com oscila\u00e7\u00e3o de 3% para baixo na \u00faltima semana epidemiol\u00f3gica.<\/p>\n<p>At\u00e9 o momento, 2.356.640 pessoas se recuperaram da covid-19.\u00a0Atualmente h\u00e1 762.773 pacientes em acompanhamento.<\/p>\n<p><strong>Covid-19 nos estados<\/strong><\/p>\n<p>Os estados com mais mortes por covid-19 s\u00e3o: S\u00e3o Paulo (26.324), Rio<span id=\"OBJ_PREFIX_DWT2134_com_zimbra_date\" role=\"link\">\u00a0de Janeiro<\/span>\u00a0(14.412), Cear\u00e1 (8.088) e Par\u00e1 (5.917). As Unidades da Federa\u00e7\u00e3o com menos \u00f3bitos s\u00e3o Tocantins (493), Roraima (561), Mato Grosso do Sul (570), Acre (574) e Amap\u00e1 (609).<\/p>\n<p><strong>Covid-19 no mundo\u00a0<\/strong><\/p>\n<p>O Brasil lugar o segundo lugar no\u00a0<em>ranking<\/em>\u00a0de mortes e casos, perdendo apenas para os Estados Unidos, que teve 5.236.599 pessoas infectadas e 166.77 v\u00edtimas fatais at\u00e9 o momento conforme o mapa da Universidade Johns Hopkins, levantamento de refer\u00eancia mundial.<\/p>\n<p>Quando considerada a propor\u00e7\u00e3o populacional,\u00a0o Brasil cai para a oitava posi\u00e7\u00e3o na incid\u00eancia da doen\u00e7a\u00a0(casos por 1 milh\u00e3o de habitantes) e cai para nona posi\u00e7\u00e3o\u00a0na mortalidade (\u00f3bitos por\u00a0covid-19 por 1 milh\u00e3o de habitantes),\u00a0 segundo dados mais atualizados do Boletim Epidemiol\u00f3gico do Minist\u00e9rio da Sa\u00fade anunciado\u00a0<span id=\"OBJ_PREFIX_DWT2133_com_zimbra_date\" role=\"link\">ontem<\/span>.<\/p>\n<p><strong>Fonte:\u00a0<\/strong>Ag\u00eancia Brasil<\/p>\n","protected":false},"excerpt":{"rendered":"<p>O balan\u00e7o di\u00e1rio do Minist\u00e9rio da Sa\u00fade sobre a pandemia do novo coronav\u00edrus, divulgado\u00a0hoje\u00a0(13), trouxe 1.262\u00a0mortes e 60.091\u00a0casos de covid-19\u00a0registrados nas \u00faltimas 24 horas pelas secretarias estaduais de sa\u00fade. Foi o terceiro dia desde o in\u00edcio da pandemia com maior n\u00famero di\u00e1rio de novas pessoas infectadas. No dia 22 de julho,\u00a0foram\u00a067.860 casos e no dia\u00a029 [&hellip;]<\/p>\n","protected":false},"author":96,"featured_media":166780,"comment_status":"closed","ping_status":"closed","sticky":false,"template":"","format":"standard","meta":{"footnotes":""},"categories":[302,436,440,439],"tags":[],"class_list":["post-166779","post","type-post","status-publish","format-standard","has-post-thumbnail","hentry","category-brasil-mundo","category-destaque-da-semana","category-destaques-do-dia","category-ultima-hora"],"_links":{"self":[{"href":"https:\/\/diarioregionaldigital.com.br\/index.php?rest_route=\/wp\/v2\/posts\/166779","targetHints":{"allow":["GET"]}}],"collection":[{"href":"https:\/\/diarioregionaldigital.com.br\/index.php?rest_route=\/wp\/v2\/posts"}],"about":[{"href":"https:\/\/diarioregionaldigital.com.br\/index.php?rest_route=\/wp\/v2\/types\/post"}],"author":[{"embeddable":true,"href":"https:\/\/diarioregionaldigital.com.br\/index.php?rest_route=\/wp\/v2\/users\/96"}],"replies":[{"embeddable":true,"href":"https:\/\/diarioregionaldigital.com.br\/index.php?rest_route=%2Fwp%2Fv2%2Fcomments&post=166779"}],"version-history":[{"count":0,"href":"https:\/\/diarioregionaldigital.com.br\/index.php?rest_route=\/wp\/v2\/posts\/166779\/revisions"}],"wp:featuredmedia":[{"embeddable":true,"href":"https:\/\/diarioregionaldigital.com.br\/index.php?rest_route=\/wp\/v2\/media\/166780"}],"wp:attachment":[{"href":"https:\/\/diarioregionaldigital.com.br\/index.php?rest_route=%2Fwp%2Fv2%2Fmedia&parent=166779"}],"wp:term":[{"taxonomy":"category","embeddable":true,"href":"https:\/\/diarioregionaldigital.com.br\/index.php?rest_route=%2Fwp%2Fv2%2Fcategories&post=166779"},{"taxonomy":"post_tag","embeddable":true,"href":"https:\/\/diarioregionaldigital.com.br\/index.php?rest_route=%2Fwp%2Fv2%2Ftags&post=166779"}],"curies":[{"name":"wp","href":"https:\/\/api.w.org\/{rel}","templated":true}]}}