{"id":166776,"date":"2020-08-13T19:23:25","date_gmt":"2020-08-13T22:23:25","guid":{"rendered":"https:\/\/diarioregionaldigital.com.br\/?p=166776"},"modified":"2020-08-13T19:23:25","modified_gmt":"2020-08-13T22:23:25","slug":"prefeito-vistoria-reformas-no-predio-sede-da-pjf","status":"publish","type":"post","link":"https:\/\/diarioregionaldigital.com.br\/?p=166776","title":{"rendered":"Prefeito vistoria reformas no pr\u00e9dio-sede da PJF"},"content":{"rendered":"<p>Nesta semana, o prefeito Ant\u00f4nio Almas verificou os setores do pr\u00e9dio-sede da Prefeitura de Juiz de Fora (PJF) que passaram por reformas recentemente. Acompanhado da secret\u00e1ria de Administra\u00e7\u00e3o e Recursos Humanos, Andr\u00e9ia Goreske, o chefe do Executivo percorreu os locais, como o audit\u00f3rio principal, que teve carpete, piso e parede, sistema audiovisual e lumin\u00e1rias reformadas, al\u00e9m da implementa\u00e7\u00e3o da acessibilidade. O audit\u00f3rio foi denominado \u201cHercules Zimmermann Willig\u201d, servidor da PJF que faleceu recentemente.<\/p>\n<p>Ant\u00f4nio Almas percorreu tamb\u00e9m outros andares, vistoriando a moderniza\u00e7\u00e3o do d\u00e9cimo andar do pr\u00e9dio, que teve troca de piso e arm\u00e1rios, reforma da rede l\u00f3gica e pintura. L\u00e1 foram trocadas tamb\u00e9m as l\u00e2mpadas comuns por l\u00e2mpadas LEDs, assim como em todos os andares, no projeto denominado \u201cEfici\u00eancia Energ\u00e9tica\u201d.<\/p>\n<p>A reforma do pr\u00e9dio, realizada atrav\u00e9s de conv\u00eanio com o Banco de Desenvolvimento de Minas Gerais (BDMG), com apoio da Ag\u00eancia de Prote\u00e7\u00e3o e Defesa do Consumidor (Procon), incluiu ainda a mudan\u00e7a do telhado e coloca\u00e7\u00e3o de sensores de presen\u00e7a para acionamento de l\u00e2mpadas nas escadas de emerg\u00eancia. Tamb\u00e9m foram realizadas as reformas completas dos banheiros de todos os andares, garantindo acessibilidade nos locais. Foram feitas tamb\u00e9m obras na laje de cobertura dos elevadores, que, por sua vez, passaram por ampla moderniza\u00e7\u00e3o dos equipamentos em 2016, garantindo mais seguran\u00e7a aos servidores e contribuintes.<\/p>\n<p><strong>Fonte:<\/strong> Assessoria<\/p>\n","protected":false},"excerpt":{"rendered":"<p>Nesta semana, o prefeito Ant\u00f4nio Almas verificou os setores do pr\u00e9dio-sede da Prefeitura de Juiz de Fora (PJF) que passaram por reformas recentemente. Acompanhado da secret\u00e1ria de Administra\u00e7\u00e3o e Recursos Humanos, Andr\u00e9ia Goreske, o chefe do Executivo percorreu os locais, como o audit\u00f3rio principal, que teve carpete, piso e parede, sistema audiovisual e lumin\u00e1rias reformadas, [&hellip;]<\/p>\n","protected":false},"author":96,"featured_media":166777,"comment_status":"closed","ping_status":"closed","sticky":false,"template":"","format":"standard","meta":{"footnotes":""},"categories":[253,436,439],"tags":[],"class_list":["post-166776","post","type-post","status-publish","format-standard","has-post-thumbnail","hentry","category-cidade","category-destaque-da-semana","category-ultima-hora"],"_links":{"self":[{"href":"https:\/\/diarioregionaldigital.com.br\/index.php?rest_route=\/wp\/v2\/posts\/166776","targetHints":{"allow":["GET"]}}],"collection":[{"href":"https:\/\/diarioregionaldigital.com.br\/index.php?rest_route=\/wp\/v2\/posts"}],"about":[{"href":"https:\/\/diarioregionaldigital.com.br\/index.php?rest_route=\/wp\/v2\/types\/post"}],"author":[{"embeddable":true,"href":"https:\/\/diarioregionaldigital.com.br\/index.php?rest_route=\/wp\/v2\/users\/96"}],"replies":[{"embeddable":true,"href":"https:\/\/diarioregionaldigital.com.br\/index.php?rest_route=%2Fwp%2Fv2%2Fcomments&post=166776"}],"version-history":[{"count":0,"href":"https:\/\/diarioregionaldigital.com.br\/index.php?rest_route=\/wp\/v2\/posts\/166776\/revisions"}],"wp:featuredmedia":[{"embeddable":true,"href":"https:\/\/diarioregionaldigital.com.br\/index.php?rest_route=\/wp\/v2\/media\/166777"}],"wp:attachment":[{"href":"https:\/\/diarioregionaldigital.com.br\/index.php?rest_route=%2Fwp%2Fv2%2Fmedia&parent=166776"}],"wp:term":[{"taxonomy":"category","embeddable":true,"href":"https:\/\/diarioregionaldigital.com.br\/index.php?rest_route=%2Fwp%2Fv2%2Fcategories&post=166776"},{"taxonomy":"post_tag","embeddable":true,"href":"https:\/\/diarioregionaldigital.com.br\/index.php?rest_route=%2Fwp%2Fv2%2Ftags&post=166776"}],"curies":[{"name":"wp","href":"https:\/\/api.w.org\/{rel}","templated":true}]}}