{"id":166773,"date":"2020-08-13T19:21:48","date_gmt":"2020-08-13T22:21:48","guid":{"rendered":"https:\/\/diarioregionaldigital.com.br\/?p=166773"},"modified":"2020-08-13T19:21:48","modified_gmt":"2020-08-13T22:21:48","slug":"uso-de-mascara-sera-cobrado-em-acao-preventiva","status":"publish","type":"post","link":"https:\/\/diarioregionaldigital.com.br\/?p=166773","title":{"rendered":"Uso de m\u00e1scara ser\u00e1 cobrado em a\u00e7\u00e3o preventiva"},"content":{"rendered":"<p>O comboio de a\u00e7\u00f5es de preven\u00e7\u00e3o e fiscaliza\u00e7\u00e3o voltadas para o enfrentamento ao coronav\u00edrus, &#8220;Da Vida, Pela Vida&#8221;, realizar\u00e1 a\u00e7\u00e3o nesta sexta-feira, 14, na regi\u00e3o da Via S\u00e3o Pedro. O trabalho focar\u00e1 as normas de seguran\u00e7a sanit\u00e1ria impostas pela pandemia. O local tem sido alvo de den\u00fancias de concentra\u00e7\u00e3o crescente de pessoas, que fazem uso do espa\u00e7o para atividades esportivas e de lazer, sem a devida aten\u00e7\u00e3o para as medidas de prote\u00e7\u00e3o contra a prolifera\u00e7\u00e3o da covid-19. Quem for flagrado sem a m\u00e1scara, poder\u00e1 receber notifica\u00e7\u00e3o pela infra\u00e7\u00e3o. A abordagem ser\u00e1 direcionada inclusive \u00e0s pessoas que estiverem em ve\u00edculos, em blitz sanit\u00e1ria.<\/p>\n<p>Fiscais de posturas, guardas municipais, agentes de transporte e tr\u00e2nsito e de endemias e servidores da Defesa Civil, da Secretaria de Desenvolvimento Social (SDS) e da Ag\u00eancia de Defesa e Prote\u00e7\u00e3o do Consumidor (Procon), juntamente com integrantes do Corpo de Bombeiros, far\u00e3o parte da for\u00e7a-tarefa. Material gr\u00e1fico com orienta\u00e7\u00f5es ser\u00e1 entregue, a fim de sensibilizar o p\u00fablico quanto aos riscos da exposi\u00e7\u00e3o \u00e0 ambientes com concentra\u00e7\u00e3o de pessoas, sem m\u00e1scaras.<\/p>\n<p><strong>Fonte:\u00a0<\/strong>Assessoria<\/p>\n","protected":false},"excerpt":{"rendered":"<p>O comboio de a\u00e7\u00f5es de preven\u00e7\u00e3o e fiscaliza\u00e7\u00e3o voltadas para o enfrentamento ao coronav\u00edrus, &#8220;Da Vida, Pela Vida&#8221;, realizar\u00e1 a\u00e7\u00e3o nesta sexta-feira, 14, na regi\u00e3o da Via S\u00e3o Pedro. O trabalho focar\u00e1 as normas de seguran\u00e7a sanit\u00e1ria impostas pela pandemia. O local tem sido alvo de den\u00fancias de concentra\u00e7\u00e3o crescente de pessoas, que fazem uso [&hellip;]<\/p>\n","protected":false},"author":96,"featured_media":166774,"comment_status":"closed","ping_status":"closed","sticky":false,"template":"","format":"standard","meta":{"footnotes":""},"categories":[253,436,439],"tags":[],"class_list":["post-166773","post","type-post","status-publish","format-standard","has-post-thumbnail","hentry","category-cidade","category-destaque-da-semana","category-ultima-hora"],"_links":{"self":[{"href":"https:\/\/diarioregionaldigital.com.br\/index.php?rest_route=\/wp\/v2\/posts\/166773","targetHints":{"allow":["GET"]}}],"collection":[{"href":"https:\/\/diarioregionaldigital.com.br\/index.php?rest_route=\/wp\/v2\/posts"}],"about":[{"href":"https:\/\/diarioregionaldigital.com.br\/index.php?rest_route=\/wp\/v2\/types\/post"}],"author":[{"embeddable":true,"href":"https:\/\/diarioregionaldigital.com.br\/index.php?rest_route=\/wp\/v2\/users\/96"}],"replies":[{"embeddable":true,"href":"https:\/\/diarioregionaldigital.com.br\/index.php?rest_route=%2Fwp%2Fv2%2Fcomments&post=166773"}],"version-history":[{"count":0,"href":"https:\/\/diarioregionaldigital.com.br\/index.php?rest_route=\/wp\/v2\/posts\/166773\/revisions"}],"wp:featuredmedia":[{"embeddable":true,"href":"https:\/\/diarioregionaldigital.com.br\/index.php?rest_route=\/wp\/v2\/media\/166774"}],"wp:attachment":[{"href":"https:\/\/diarioregionaldigital.com.br\/index.php?rest_route=%2Fwp%2Fv2%2Fmedia&parent=166773"}],"wp:term":[{"taxonomy":"category","embeddable":true,"href":"https:\/\/diarioregionaldigital.com.br\/index.php?rest_route=%2Fwp%2Fv2%2Fcategories&post=166773"},{"taxonomy":"post_tag","embeddable":true,"href":"https:\/\/diarioregionaldigital.com.br\/index.php?rest_route=%2Fwp%2Fv2%2Ftags&post=166773"}],"curies":[{"name":"wp","href":"https:\/\/api.w.org\/{rel}","templated":true}]}}