{"id":166769,"date":"2020-08-13T19:13:58","date_gmt":"2020-08-13T22:13:58","guid":{"rendered":"https:\/\/diarioregionaldigital.com.br\/?p=166769"},"modified":"2020-08-13T19:13:58","modified_gmt":"2020-08-13T22:13:58","slug":"covid-19-juiz-de-fora-tem-mais-uma-morte-registrada","status":"publish","type":"post","link":"https:\/\/diarioregionaldigital.com.br\/?p=166769","title":{"rendered":"Covid-19: Juiz de Fora tem mais uma morte registrada"},"content":{"rendered":"<p>O novo boletim epidemiol\u00f3gico divulgado nesta quinta-feira (13) pela Secretaria de Sa\u00fade (SS) da Prefeitura de Juiz de Fora (PJF), teve mais uma morte confirmada por Coronav\u00edrus, totalizando 131. A v\u00edtima \u00e9 uma idosa, de 68 anos, que morreu nessa quarta-feira, 12. Ela tinha Doen\u00e7a Cardiovascular Cr\u00f4nica (DCC). Segundo o boletim, houve aumento de mais 19 novos casos, contabilizando 4.084. Mais 203 novas suspeitas foram registrados, contabilizando 14.566.<\/p>\n<p><b>Leitos\u00a0<\/b><\/p>\n<p>Segundo informa\u00e7\u00f5es da PJF, os leitos de enfermaria est\u00e3o com 58,18% de ocupa\u00e7\u00e3o. J\u00e1 os os leitos de UTI e SUS, est\u00e3o com taxa de 72,08% e 73,22% respectivamente.<\/p>\n","protected":false},"excerpt":{"rendered":"<p>O novo boletim epidemiol\u00f3gico divulgado nesta quinta-feira (13) pela Secretaria de Sa\u00fade (SS) da Prefeitura de Juiz de Fora (PJF), teve mais uma morte confirmada por Coronav\u00edrus, totalizando 131. A v\u00edtima \u00e9 uma idosa, de 68 anos, que morreu nessa quarta-feira, 12. Ela tinha Doen\u00e7a Cardiovascular Cr\u00f4nica (DCC). Segundo o boletim, houve aumento de mais [&hellip;]<\/p>\n","protected":false},"author":96,"featured_media":157655,"comment_status":"closed","ping_status":"closed","sticky":false,"template":"","format":"standard","meta":{"footnotes":""},"categories":[253,436,440,439],"tags":[],"class_list":["post-166769","post","type-post","status-publish","format-standard","has-post-thumbnail","hentry","category-cidade","category-destaque-da-semana","category-destaques-do-dia","category-ultima-hora"],"_links":{"self":[{"href":"https:\/\/diarioregionaldigital.com.br\/index.php?rest_route=\/wp\/v2\/posts\/166769","targetHints":{"allow":["GET"]}}],"collection":[{"href":"https:\/\/diarioregionaldigital.com.br\/index.php?rest_route=\/wp\/v2\/posts"}],"about":[{"href":"https:\/\/diarioregionaldigital.com.br\/index.php?rest_route=\/wp\/v2\/types\/post"}],"author":[{"embeddable":true,"href":"https:\/\/diarioregionaldigital.com.br\/index.php?rest_route=\/wp\/v2\/users\/96"}],"replies":[{"embeddable":true,"href":"https:\/\/diarioregionaldigital.com.br\/index.php?rest_route=%2Fwp%2Fv2%2Fcomments&post=166769"}],"version-history":[{"count":0,"href":"https:\/\/diarioregionaldigital.com.br\/index.php?rest_route=\/wp\/v2\/posts\/166769\/revisions"}],"wp:featuredmedia":[{"embeddable":true,"href":"https:\/\/diarioregionaldigital.com.br\/index.php?rest_route=\/wp\/v2\/media\/157655"}],"wp:attachment":[{"href":"https:\/\/diarioregionaldigital.com.br\/index.php?rest_route=%2Fwp%2Fv2%2Fmedia&parent=166769"}],"wp:term":[{"taxonomy":"category","embeddable":true,"href":"https:\/\/diarioregionaldigital.com.br\/index.php?rest_route=%2Fwp%2Fv2%2Fcategories&post=166769"},{"taxonomy":"post_tag","embeddable":true,"href":"https:\/\/diarioregionaldigital.com.br\/index.php?rest_route=%2Fwp%2Fv2%2Ftags&post=166769"}],"curies":[{"name":"wp","href":"https:\/\/api.w.org\/{rel}","templated":true}]}}