{"id":166766,"date":"2020-08-13T18:25:29","date_gmt":"2020-08-13T21:25:29","guid":{"rendered":"https:\/\/diarioregionaldigital.com.br\/?p=166766"},"modified":"2020-08-13T18:25:29","modified_gmt":"2020-08-13T21:25:29","slug":"reitor-da-ufjf-diz-que-corte-de-orcamento-feito-pelo-mec-representa-rombo-de-mais-de-r-20-milhoes","status":"publish","type":"post","link":"https:\/\/diarioregionaldigital.com.br\/?p=166766","title":{"rendered":"Reitor da UFJF diz que corte de or\u00e7amento feito pelo MEC representa rombo de mais de R$ 20 milh\u00f5es"},"content":{"rendered":"<p><span style=\"font-weight: 400;\">O reitor da Universidade Federal de Juiz de Fora (UFJF) e tamb\u00e9m 1\u00ba vice-presidente da Associa\u00e7\u00e3o Nacional dos Dirigentes das Institui\u00e7\u00f5es Federais de Ensino Superior (Andifes), esteve presente em uma entrevista coletiva remota realizada na quarta-feira (12). Sob a presen\u00e7a de outros membros da Diretoria Executiva, Marcus David afirmou que o corte de R$ 4,2 bilh\u00f5es na verba das despesas discricion\u00e1rias, planejada pelo Minist\u00e9rio da Educa\u00e7\u00e3o (MEC), ir\u00e1 acarretar em rombo de mais de R$ 20 milh\u00f5es para a UFJF em 2021.<\/span><\/p>\n<p><span style=\"font-weight: 400;\">Segundo o reitor, o corte do or\u00e7amento poder\u00e1 afetar diversos setores da institui\u00e7\u00e3o, incluindo o da Assist\u00eancia Estudantil, \u201cA pol\u00edtica de assist\u00eancia estudantil tinha R$ 1,016 bilh\u00e3o. Com esse corte, as universidades est\u00e3o perdendo mais de R$ 116 milh\u00f5es \u2013 o que compromete muito os nossos esfor\u00e7os\u201d.<\/span><\/p>\n<p><span style=\"font-weight: 400;\">Ao ser perguntado sobre a quest\u00e3o das bolsas, o reitor diz que o corte do or\u00e7amento, \u201cpode suspender elas [bolsas] sim, mas essa decis\u00e3o cabe \u00e0 gest\u00e3o de cada universidade. Estimamos que a matriz or\u00e7ament\u00e1ria precisaria ser quase o dobro para atender \u00e0s demandas de assist\u00eancia estudantil atuais. Um corte, portanto, representa a perspectiva de suspens\u00e3o de bolsas ou, se mantivermos esse padr\u00e3o de assist\u00eancia, algumas n\u00e3o conseguir\u00e3o chegar a seu fim. Trabalhamos com a perspectiva de reverter esse corte antes da LOA chegar no Congresso\u201d.<\/span><\/p>\n<p><b>Retorno \u00e0s aulas<\/b><\/p>\n<p><span style=\"font-weight: 400;\">A 2\u00aa vice-presidente da Andifes e reitora da Universidade Federal do Sul da Bahia (UFSB), Joana Guimar\u00e3es, comentou durante a coletiva, que a retomada das aulas presenciais exigir\u00e1 um esfor\u00e7o or\u00e7ament\u00e1rio destoante do corte previsto para o pr\u00f3ximo ano e que est\u00e3o sendo aplicados recursos financeiros no combate \u00e0 pandemia:<\/span><\/p>\n<p><span style=\"font-weight: 400;\">\u201cA volta das atividades vai demandar uma s\u00e9rie de medidas sanit\u00e1rias, como adapta\u00e7\u00e3o de espa\u00e7os, equipamentos de prote\u00e7\u00e3o individual, um quantitativo de especialistas em quest\u00f5es sanit\u00e1rias, num sistema de ensino que, certamente, ser\u00e1 h\u00edbrido. Isso vir\u00e1 adicionado \u00e0s nossas necessidades, com um aporte de recursos, e n\u00e3o um corte, como foi anunciado.\u201d<\/span><\/p>\n<p><span style=\"font-weight: 400;\">Al\u00e9m disso, o presidente da Andifes e reitor da Universidade Federal de Goi\u00e1s (UFG), Edward Brasil, comentou sobre o investimento no ensino remoto emergencial:<\/span><\/p>\n<p><span style=\"font-weight: 400;\">\u201cSer\u00e1 preciso investir para que se possa adotar o ensino remoto emergencial nas universidades e institutos federais. Temos outras fragilidades, como estudantes que apresentam defici\u00eancias, como baixa vis\u00e3o, em locais remotos, sem acesso \u00e0 internet. A minha estimativa \u00e9 de um aporte de R$ 200 milh\u00f5es, o que considero bastante conservadora. A experi\u00eancia do ano que vem nos dar\u00e1 uma resposta mais precisa\u201d.<\/span><\/p>\n<p><b>Corte do or\u00e7amento\u00a0<\/b><\/p>\n<p><span style=\"font-weight: 400;\">Para o pr\u00f3ximo ano, o MEC planeja um corte de R$ 4,2 bilh\u00f5es na verba das despesas discricion\u00e1rias (n\u00e3o obrigat\u00f3rias), o que representa uma redu\u00e7\u00e3o linear de 18,2% em rela\u00e7\u00e3o ao or\u00e7amento aprovado para cada institui\u00e7\u00e3o em 2020. Ao todo, a previs\u00e3o de corte \u00e9 de R$ 1 bilh\u00e3o, em 69 universidades e 38 institutos federais.\u00a0<\/span><\/p>\n<p><b>Concursos<\/b><\/p>\n<p><span style=\"font-weight: 400;\">O presidente da Andifes, encerra a coletiva, salientando a centralidade dos investimentos nas institui\u00e7\u00f5es p\u00fablicas de ensino na luta contra a crise econ\u00f4mica, experimentada pelo pa\u00eds:<\/span><\/p>\n<p><span style=\"font-weight: 400;\">\u201cA sa\u00edda da crise econ\u00f4mica passa, justamente, pelo desenvolvimento da ci\u00eancia, atrav\u00e9s de pesquisas, como de mestrado e doutorado, al\u00e9m da forma\u00e7\u00e3o de profissionais capacitados, o que condiz com as universidades federais. A interrup\u00e7\u00e3o deste trabalho tem consequ\u00eancias dr\u00e1sticas na recupera\u00e7\u00e3o econ\u00f4mica do pa\u00eds.\u201d<\/span><\/p>\n<p>&nbsp;<\/p>\n","protected":false},"excerpt":{"rendered":"<p>O reitor da Universidade Federal de Juiz de Fora (UFJF) e tamb\u00e9m 1\u00ba vice-presidente da Associa\u00e7\u00e3o Nacional dos Dirigentes das Institui\u00e7\u00f5es Federais de Ensino Superior (Andifes), esteve presente em uma entrevista coletiva remota realizada na quarta-feira (12). Sob a presen\u00e7a de outros membros da Diretoria Executiva, Marcus David afirmou que o corte de R$ 4,2 [&hellip;]<\/p>\n","protected":false},"author":96,"featured_media":166767,"comment_status":"closed","ping_status":"closed","sticky":false,"template":"","format":"standard","meta":{"footnotes":""},"categories":[253,436,439],"tags":[],"class_list":["post-166766","post","type-post","status-publish","format-standard","has-post-thumbnail","hentry","category-cidade","category-destaque-da-semana","category-ultima-hora"],"_links":{"self":[{"href":"https:\/\/diarioregionaldigital.com.br\/index.php?rest_route=\/wp\/v2\/posts\/166766","targetHints":{"allow":["GET"]}}],"collection":[{"href":"https:\/\/diarioregionaldigital.com.br\/index.php?rest_route=\/wp\/v2\/posts"}],"about":[{"href":"https:\/\/diarioregionaldigital.com.br\/index.php?rest_route=\/wp\/v2\/types\/post"}],"author":[{"embeddable":true,"href":"https:\/\/diarioregionaldigital.com.br\/index.php?rest_route=\/wp\/v2\/users\/96"}],"replies":[{"embeddable":true,"href":"https:\/\/diarioregionaldigital.com.br\/index.php?rest_route=%2Fwp%2Fv2%2Fcomments&post=166766"}],"version-history":[{"count":0,"href":"https:\/\/diarioregionaldigital.com.br\/index.php?rest_route=\/wp\/v2\/posts\/166766\/revisions"}],"wp:featuredmedia":[{"embeddable":true,"href":"https:\/\/diarioregionaldigital.com.br\/index.php?rest_route=\/wp\/v2\/media\/166767"}],"wp:attachment":[{"href":"https:\/\/diarioregionaldigital.com.br\/index.php?rest_route=%2Fwp%2Fv2%2Fmedia&parent=166766"}],"wp:term":[{"taxonomy":"category","embeddable":true,"href":"https:\/\/diarioregionaldigital.com.br\/index.php?rest_route=%2Fwp%2Fv2%2Fcategories&post=166766"},{"taxonomy":"post_tag","embeddable":true,"href":"https:\/\/diarioregionaldigital.com.br\/index.php?rest_route=%2Fwp%2Fv2%2Ftags&post=166766"}],"curies":[{"name":"wp","href":"https:\/\/api.w.org\/{rel}","templated":true}]}}