{"id":166763,"date":"2020-08-13T17:33:36","date_gmt":"2020-08-13T20:33:36","guid":{"rendered":"https:\/\/diarioregionaldigital.com.br\/?p=166763"},"modified":"2020-08-13T17:33:36","modified_gmt":"2020-08-13T20:33:36","slug":"saude-r-70-milhoes-foram-aplicados-em-saude-indigena-contra-covid-19","status":"publish","type":"post","link":"https:\/\/diarioregionaldigital.com.br\/?p=166763","title":{"rendered":"Sa\u00fade: R$ 70 milh\u00f5es foram aplicados em sa\u00fade ind\u00edgena contra covid-19"},"content":{"rendered":"<p>O combate \u00e0 pandemia da covid-19 em comunidades ind\u00edgenas das regi\u00f5es Norte,\u00a0Nordeste\u00a0e\u00a0Centro-Oeste\u00a0j\u00e1 recebeu cerca de R$ 70 milh\u00f5es, informa a Secretaria Especial de Sa\u00fade Ind\u00edgena (Sesai) do Minist\u00e9rio da Sa\u00fade.<img decoding=\"async\" src=\"https:\/\/agenciabrasil.ebc.com.br\/ebc.png?id=1313606&amp;o=node\" \/><img decoding=\"async\" src=\"https:\/\/agenciabrasil.ebc.com.br\/ebc.gif?id=1313606&amp;o=node\" \/><\/p>\n<p>Segundo nota divulgada pela secretaria, 750 mil ind\u00edgenas de 305 etnias, distribu\u00eddos entre 6 mil aldeias, foram beneficiados por atendimento m\u00e9dico gratuito, cestas de alimentos, equipamentos de prote\u00e7\u00e3o individual (EPIs), insumos, orienta\u00e7\u00e3o e palestras sobre higiene, desinfec\u00e7\u00e3o e medidas sanit\u00e1rias para evitar o cont\u00e1gio pelo novo coronav\u00edrus.<\/p>\n<p>\u201cEstamos trabalhando firme para atender toda a popula\u00e7\u00e3o ind\u00edgena neste momento com assist\u00eancia de qualidade, revendo procedimentos, melhorando as quest\u00f5es de saneamento e atendimento \u00e0 sa\u00fade b\u00e1sica de cada ind\u00edgena brasileiro\u201d, informou Robson Santos Silas, secret\u00e1rio de Sa\u00fade Ind\u00edgena do Minist\u00e9rio da Sa\u00fade.<\/p>\n<p>Segundo Silas, o trabalho evitou que a pandemia chegasse, por exemplo, ao Vale do Jequitinhonha &#8211; regi\u00e3o situada na divisa norte de Minas Gerais com o Esp\u00edrito Santo, considerada uma das mais carentes do Brasil. \u201cGra\u00e7as a Deus aqui, no nosso munic\u00edpio, n\u00e3o apresentamos quadro nenhum diante da pandemia\u201d, informou a lideran\u00e7a ind\u00edgena Ivan Pakararu, cacique da Aldeia Cinta-Vermelha, situada no Vale do Jequitinhonha.<\/p>\n<p><strong>Profissionais de sa\u00fade<\/strong><\/p>\n<p>A Sesai conta com 14,2 mil profissionais em atua\u00e7\u00e3o durante a pandemia. Destes, 60% t\u00eam origens ind\u00edgenas e trabalham diretamente nas a\u00e7\u00f5es de prote\u00e7\u00e3o \u00e0s suas comunidades. A secretaria informa, ainda, que 150 leitos leitos exclusivos para o tratamento de pessoas ind\u00edgenas foram criados em hospitais p\u00fablicos dos estados do Amazonas, Amap\u00e1, Par\u00e1 e de Roraima.<\/p>\n<p><strong>Fonte:\u00a0<\/strong>Ag\u00eancia Brasil<\/p>\n","protected":false},"excerpt":{"rendered":"<p>O combate \u00e0 pandemia da covid-19 em comunidades ind\u00edgenas das regi\u00f5es Norte,\u00a0Nordeste\u00a0e\u00a0Centro-Oeste\u00a0j\u00e1 recebeu cerca de R$ 70 milh\u00f5es, informa a Secretaria Especial de Sa\u00fade Ind\u00edgena (Sesai) do Minist\u00e9rio da Sa\u00fade. Segundo nota divulgada pela secretaria, 750 mil ind\u00edgenas de 305 etnias, distribu\u00eddos entre 6 mil aldeias, foram beneficiados por atendimento m\u00e9dico gratuito, cestas de alimentos, [&hellip;]<\/p>\n","protected":false},"author":96,"featured_media":166764,"comment_status":"closed","ping_status":"closed","sticky":false,"template":"","format":"standard","meta":{"footnotes":""},"categories":[302,436,439],"tags":[],"class_list":["post-166763","post","type-post","status-publish","format-standard","has-post-thumbnail","hentry","category-brasil-mundo","category-destaque-da-semana","category-ultima-hora"],"_links":{"self":[{"href":"https:\/\/diarioregionaldigital.com.br\/index.php?rest_route=\/wp\/v2\/posts\/166763","targetHints":{"allow":["GET"]}}],"collection":[{"href":"https:\/\/diarioregionaldigital.com.br\/index.php?rest_route=\/wp\/v2\/posts"}],"about":[{"href":"https:\/\/diarioregionaldigital.com.br\/index.php?rest_route=\/wp\/v2\/types\/post"}],"author":[{"embeddable":true,"href":"https:\/\/diarioregionaldigital.com.br\/index.php?rest_route=\/wp\/v2\/users\/96"}],"replies":[{"embeddable":true,"href":"https:\/\/diarioregionaldigital.com.br\/index.php?rest_route=%2Fwp%2Fv2%2Fcomments&post=166763"}],"version-history":[{"count":0,"href":"https:\/\/diarioregionaldigital.com.br\/index.php?rest_route=\/wp\/v2\/posts\/166763\/revisions"}],"wp:featuredmedia":[{"embeddable":true,"href":"https:\/\/diarioregionaldigital.com.br\/index.php?rest_route=\/wp\/v2\/media\/166764"}],"wp:attachment":[{"href":"https:\/\/diarioregionaldigital.com.br\/index.php?rest_route=%2Fwp%2Fv2%2Fmedia&parent=166763"}],"wp:term":[{"taxonomy":"category","embeddable":true,"href":"https:\/\/diarioregionaldigital.com.br\/index.php?rest_route=%2Fwp%2Fv2%2Fcategories&post=166763"},{"taxonomy":"post_tag","embeddable":true,"href":"https:\/\/diarioregionaldigital.com.br\/index.php?rest_route=%2Fwp%2Fv2%2Ftags&post=166763"}],"curies":[{"name":"wp","href":"https:\/\/api.w.org\/{rel}","templated":true}]}}