{"id":166754,"date":"2020-08-13T17:08:18","date_gmt":"2020-08-13T20:08:18","guid":{"rendered":"https:\/\/diarioregionaldigital.com.br\/?p=166754"},"modified":"2020-08-13T17:22:33","modified_gmt":"2020-08-13T20:22:33","slug":"projeto-de-lei-preve-inclusao-de-grupo-especial-em-prioridade-na-vacinacao-contra-covid-19","status":"publish","type":"post","link":"https:\/\/diarioregionaldigital.com.br\/?p=166754","title":{"rendered":"Projeto de Lei prev\u00ea inclus\u00e3o de grupo especial em prioridade na vacina\u00e7\u00e3o contra Covid-19"},"content":{"rendered":"<p><span style=\"font-weight: 400;\">Foi apresentado na C\u00e2mara Municipal de Juiz de Fora, um Projeto de Lei que inclui pessoas com S\u00edndrome de Down, Autismo e Defici\u00eancia Intelectual, no grupo priorit\u00e1rio de vacina\u00e7\u00e3o contra o Coronav\u00edrus. O projeto \u00e9 de autoria do vereador Doutor Ant\u00f4nio Aguiar (DEM). <\/span>Caso aprovado, os referidos grupos de risco ter\u00e3o direito \u00e0 vacina\u00e7\u00e3o logo quando ela estiver dispon\u00edvel pelas entidades sanit\u00e1rias do pa\u00eds e ocorrer a distribui\u00e7\u00e3o no Sistema \u00danico de Sa\u00fade.<\/p>\n<p><span style=\"font-weight: 400;\">O objetivo do PL, \u00e9 incluir este grupo no p\u00fablico priorit\u00e1rio da vacina\u00e7\u00e3o, que conta com profissionais de sa\u00fade, pessoas portadoras de doen\u00e7as cr\u00f4nicas e idosos com idade acima dos 60 anos. Segundo Ant\u00f4nio Aguiar, a inclus\u00e3o do grupo especial se deve pela quest\u00e3o da sa\u00fade, uma vez que:<\/span><\/p>\n<p><span style=\"font-weight: 400;\">\u201cAs pessoas com S\u00edndrome de Down, Autismo e Defici\u00eancia Intelectual, apresentam d\u00e9ficits no organismo. Portanto necessitam de um cuidado mais delicado, uma vez que apresentam stress oxidativo e elas possuem altera\u00e7\u00f5es imunol\u00f3gicas importantes decorrentes, principalmente, das dificuldades alimentares e de fun\u00e7\u00f5es de estruturas org\u00e2nicas como o trato respirat\u00f3rio e sistema imunol\u00f3gico\u201d.<\/span><\/p>\n<p><span style=\"font-weight: 400;\">Quanto \u00e0 quest\u00e3o do tratamento, Ant\u00f4nio diz que os integrantes do grupo, por terem metabolismo mais inst\u00e1vel, necessitam de melhores cuidados:<\/span><\/p>\n<p><span style=\"font-weight: 400;\">\u201cAs pessoas com S\u00edndrome de Down por exemplo, s\u00e3o mais prop\u00edcias a contra\u00edrem doen\u00e7as, uma vez que apresentam baixos gl\u00f3bulos brancos. Al\u00e9m disso, este grupo apresenta riscos bem maiores em rela\u00e7\u00e3o ao p\u00fablico que n\u00e3o apresenta comorbidades\u201d.<\/span><\/p>\n<p><span style=\"font-weight: 400;\">Conforme o vereador, para que seja incluso como prioridade, \u201c\u00e9 necess\u00e1rio que o Minist\u00e9rio da Sa\u00fade (MS) aprove esta inclus\u00e3o. A partir do momento em que a vacina chegar ao Brasil, o grupo especial ser\u00e1 integrado ao p\u00fablico priorit\u00e1rio\u201d.\u00a0<\/span><\/p>\n<p><span style=\"font-weight: 400;\">Sobre a produ\u00e7\u00e3o da vacina, Ant\u00f4nio diz que atualmente existem 100 doses sendo testadas no mundo inteiro, sendo que \u201cexistem seis vacinas em est\u00e1gio avan\u00e7ado. Aqui no Brasil t\u00eam doses sendo testadas no Instituto Butant\u00e3 e no Hospital das Cl\u00ednicas em S\u00e3o Paulo, al\u00e9m da Funda\u00e7\u00e3o Oswaldo Cruz (Fiocruz) no Rio de Janeiro. Inclusive no estado do Paran\u00e1 est\u00e1 sendo testada a vacina que veio da R\u00fassia\u201d.<\/span><\/p>\n<p><span style=\"font-weight: 400;\">Ant\u00f4nio conclui falando sobre sua expectativa referente \u00e0 chegada das vacinas contra o Covid-19 em territ\u00f3rio brasileiro:<\/span><\/p>\n<p><span style=\"font-weight: 400;\">\u201cA minha expectativa \u00e9 que no m\u00eas de dezembro cheguem 70 milh\u00f5es de doses da vacina, para o grupo priorit\u00e1rio no Brasil. Podemos ter tamb\u00e9m 50 milh\u00f5es de doses em janeiro ou fevereiro e at\u00e9 o meio do ano de 2021, minha expectativa \u00e9 que a vacina estar\u00e1 dispon\u00edvel para toda a popula\u00e7\u00e3o brasileira\u201d conclui.<\/span><\/p>\n","protected":false},"excerpt":{"rendered":"<p>Foi apresentado na C\u00e2mara Municipal de Juiz de Fora, um Projeto de Lei que inclui pessoas com S\u00edndrome de Down, Autismo e Defici\u00eancia Intelectual, no grupo priorit\u00e1rio de vacina\u00e7\u00e3o contra o Coronav\u00edrus. O projeto \u00e9 de autoria do vereador Doutor Ant\u00f4nio Aguiar (DEM). Caso aprovado, os referidos grupos de risco ter\u00e3o direito \u00e0 vacina\u00e7\u00e3o logo [&hellip;]<\/p>\n","protected":false},"author":96,"featured_media":166755,"comment_status":"closed","ping_status":"closed","sticky":false,"template":"","format":"standard","meta":{"footnotes":""},"categories":[253,436,440,439],"tags":[],"class_list":["post-166754","post","type-post","status-publish","format-standard","has-post-thumbnail","hentry","category-cidade","category-destaque-da-semana","category-destaques-do-dia","category-ultima-hora"],"_links":{"self":[{"href":"https:\/\/diarioregionaldigital.com.br\/index.php?rest_route=\/wp\/v2\/posts\/166754","targetHints":{"allow":["GET"]}}],"collection":[{"href":"https:\/\/diarioregionaldigital.com.br\/index.php?rest_route=\/wp\/v2\/posts"}],"about":[{"href":"https:\/\/diarioregionaldigital.com.br\/index.php?rest_route=\/wp\/v2\/types\/post"}],"author":[{"embeddable":true,"href":"https:\/\/diarioregionaldigital.com.br\/index.php?rest_route=\/wp\/v2\/users\/96"}],"replies":[{"embeddable":true,"href":"https:\/\/diarioregionaldigital.com.br\/index.php?rest_route=%2Fwp%2Fv2%2Fcomments&post=166754"}],"version-history":[{"count":0,"href":"https:\/\/diarioregionaldigital.com.br\/index.php?rest_route=\/wp\/v2\/posts\/166754\/revisions"}],"wp:featuredmedia":[{"embeddable":true,"href":"https:\/\/diarioregionaldigital.com.br\/index.php?rest_route=\/wp\/v2\/media\/166755"}],"wp:attachment":[{"href":"https:\/\/diarioregionaldigital.com.br\/index.php?rest_route=%2Fwp%2Fv2%2Fmedia&parent=166754"}],"wp:term":[{"taxonomy":"category","embeddable":true,"href":"https:\/\/diarioregionaldigital.com.br\/index.php?rest_route=%2Fwp%2Fv2%2Fcategories&post=166754"},{"taxonomy":"post_tag","embeddable":true,"href":"https:\/\/diarioregionaldigital.com.br\/index.php?rest_route=%2Fwp%2Fv2%2Ftags&post=166754"}],"curies":[{"name":"wp","href":"https:\/\/api.w.org\/{rel}","templated":true}]}}