{"id":166749,"date":"2020-08-13T15:31:07","date_gmt":"2020-08-13T18:31:07","guid":{"rendered":"https:\/\/diarioregionaldigital.com.br\/?p=166749"},"modified":"2020-08-13T15:31:07","modified_gmt":"2020-08-13T18:31:07","slug":"estado-lanca-edital-para-audiovisual-e-anuncia-r-135-milhoes-em-fomento-a-cultura","status":"publish","type":"post","link":"https:\/\/diarioregionaldigital.com.br\/?p=166749","title":{"rendered":"Estado lan\u00e7a edital para audiovisual e anuncia R$ 13,5 milh\u00f5es em fomento \u00e0 Cultura"},"content":{"rendered":"<p>A cadeia produtiva da Cultura em Minas Gerais ganha refor\u00e7o com novos editais que a\u00a0<a href=\"http:\/\/www.cultura.mg.gov.br\/\" target=\"_blank\" rel=\"noopener noreferrer\">Secretaria de Estado de Cultura e Turismo (Secult)<\/a>\u00a0lan\u00e7a a partir desta semana. Com um montante de R$ 13,5 milh\u00f5es provenientes do Fundo Estadual de Cultura (FEC), os editais setoriais abrangem \u00e1reas como culturas populares, artes c\u00eanicas, audiovisual, m\u00fasica, literatura, mem\u00f3ria, artes visuais, pontos de cultura, entre outras. O objetivo \u00e9 garantir que as especificidades de cada segmento sejam analisadas e atendidas pelas pol\u00edticas p\u00fablicas.<\/p>\n<p>A partir desta quinta-feira (13\/8), e at\u00e9 20\/9, j\u00e1 est\u00e3o abertas as inscri\u00e7\u00f5es para o\u00a0<a href=\"http:\/\/www.cultura.mg.gov.br\/gestor-cultural\/fomento\/fundo-estadual-de-cultura\" target=\"_blank\" rel=\"noopener noreferrer\">Edital #ARteSalva Exibe Minas<\/a>, dedicado ao fomento de mostras de cinema, festivais, cineclubes, eventos de forma\u00e7\u00e3o e capacita\u00e7\u00e3o na \u00e1rea. O edital foi aperfei\u00e7oado ap\u00f3s consulta p\u00fablica e vai destinar R$ 1,5 milh\u00e3o para projetos do setor audiovisual, por meio de premia\u00e7\u00e3o Pessoa F\u00edsica. Os documentos relativos ao\u00a0edital est\u00e3o dispon\u00edveis\u00a0<a href=\"http:\/\/www.cultura.mg.gov.br\/gestor-cultural\/fomento\/fundo-estadual-de-cultura\" target=\"_blank\" rel=\"noopener noreferrer\">neste link.<\/a><\/p>\n<p>O secret\u00e1rio de Cultura e Turismo, Le\u00f4nidas Oliveira, ressalta que o Exibe Minas \u00e9 apenas uma das a\u00e7\u00f5es que envolvem as pol\u00edticas p\u00fablicas para o audiovisual, setor estrat\u00e9gico de desenvolvimento. \u201cNosso esfor\u00e7o \u00e9 para que o audiovisual mineiro seja o grande promotor da Cultura e do Turismo do estado, dentro e fora do Brasil. Esse setor potencializa e integra incont\u00e1veis segmentos da economia criativa. Al\u00e9m de editais de fomento como o #ARtesalva Exibe Minas, apresentamos um programa de a\u00e7\u00f5es pr\u00e1ticas para a cria\u00e7\u00e3o de novas oportunidades, de fortalecimento e retomada de trabalho e renda\u201d, destaca.<\/p>\n<p>A proposta desse amplo programa para o desenvolvimento do audiovisual mineiro abrange pol\u00edticas de fomento, altera\u00e7\u00f5es de marcos regulat\u00f3rios, est\u00edmulo a coprodu\u00e7\u00f5es, a\u00e7\u00f5es de capacita\u00e7\u00e3o, forma\u00e7\u00e3o e qualifica\u00e7\u00e3o profissional, difus\u00e3o e forma\u00e7\u00e3o de p\u00fablico. Al\u00e9m disso, o edital estabelece parcerias com o mercado, com a ind\u00fastria audiovisual e com governo federal para libera\u00e7\u00e3o e amplia\u00e7\u00e3o dos recursos.<\/p>\n<p><strong>Mostras, cineclubes e forma\u00e7\u00e3o<\/strong><\/p>\n<p>O valor do Edital #ARteSalva \u2013 Exibe Minas est\u00e1 dividido em tr\u00eas categorias:<\/p>\n<p>Categoria 1: R$ 1 milh\u00e3o \u2013 ser\u00e3o distribu\u00eddos 20 pr\u00eamios no valor de R$ 50 mil para projetos de Mostras ou Festivais (in\u00e9ditos ou em continuidade);<\/p>\n<p>Categoria 2: R$ 200 mil \u2013 ser\u00e3o distribu\u00eddos dez pr\u00eamios no valor de R$ 20 mil para projetos de Cineclube;<\/p>\n<p>Categoria 3: R$ 300 mil \u2013 ser\u00e3o distribu\u00eddos seis pr\u00eamios no valor de R$ 50 mil para projetos de atividades de forma\u00e7\u00e3o, qualifica\u00e7\u00e3o e capacita\u00e7\u00e3o no setor audiovisual.<\/p>\n<p><strong>Como participar\u00a0<\/strong><\/p>\n<p>Os interessados em inscrever projetos em uma das tr\u00eas categorias do\u00a0<a href=\"http:\/\/www.cultura.mg.gov.br\/gestor-cultural\/fomento\/fundo-estadual-de-cultura\" target=\"_blank\" rel=\"noopener noreferrer\">Edital #ARteSalva \u2013 Exibe Minas<\/a>\u00a0devem se cadastrar na\u00a0<a href=\"http:\/\/200.198.28.211\/incentivo\/\" target=\"_blank\" rel=\"noopener noreferrer\">Plataforma Digital de Fomento e Incentivo \u00e0 Cultura<\/a>. Ap\u00f3s essa primeira etapa, os proponentes devem cumprir os processos espec\u00edficos de cadastramento, envio de documentos e inscri\u00e7\u00e3o do projeto. O prazo para inscri\u00e7\u00f5es\u00a0termina\u00a0\u00e0s 23h59 do dia 20\/9.<\/p>\n<p>O edital tem vig\u00eancia de dois anos a partir da data de publica\u00e7\u00e3o. O prazo para a conclus\u00e3o do projeto ou atividade cultural ser\u00e1 de 12 meses, contados a partir da data de recebimento da primeira ou \u00fanica parcela do recurso aprovado. Os pr\u00f3ximos editais ser\u00e3o anunciados em breve.<\/p>\n<p><strong>Fonte:\u00a0<\/strong>Ag\u00eancia Minas<\/p>\n","protected":false},"excerpt":{"rendered":"<p>A cadeia produtiva da Cultura em Minas Gerais ganha refor\u00e7o com novos editais que a\u00a0Secretaria de Estado de Cultura e Turismo (Secult)\u00a0lan\u00e7a a partir desta semana. Com um montante de R$ 13,5 milh\u00f5es provenientes do Fundo Estadual de Cultura (FEC), os editais setoriais abrangem \u00e1reas como culturas populares, artes c\u00eanicas, audiovisual, m\u00fasica, literatura, mem\u00f3ria, artes [&hellip;]<\/p>\n","protected":false},"author":96,"featured_media":166750,"comment_status":"closed","ping_status":"closed","sticky":false,"template":"","format":"standard","meta":{"footnotes":""},"categories":[256,436,439],"tags":[],"class_list":["post-166749","post","type-post","status-publish","format-standard","has-post-thumbnail","hentry","category-cultura","category-destaque-da-semana","category-ultima-hora"],"_links":{"self":[{"href":"https:\/\/diarioregionaldigital.com.br\/index.php?rest_route=\/wp\/v2\/posts\/166749","targetHints":{"allow":["GET"]}}],"collection":[{"href":"https:\/\/diarioregionaldigital.com.br\/index.php?rest_route=\/wp\/v2\/posts"}],"about":[{"href":"https:\/\/diarioregionaldigital.com.br\/index.php?rest_route=\/wp\/v2\/types\/post"}],"author":[{"embeddable":true,"href":"https:\/\/diarioregionaldigital.com.br\/index.php?rest_route=\/wp\/v2\/users\/96"}],"replies":[{"embeddable":true,"href":"https:\/\/diarioregionaldigital.com.br\/index.php?rest_route=%2Fwp%2Fv2%2Fcomments&post=166749"}],"version-history":[{"count":0,"href":"https:\/\/diarioregionaldigital.com.br\/index.php?rest_route=\/wp\/v2\/posts\/166749\/revisions"}],"wp:featuredmedia":[{"embeddable":true,"href":"https:\/\/diarioregionaldigital.com.br\/index.php?rest_route=\/wp\/v2\/media\/166750"}],"wp:attachment":[{"href":"https:\/\/diarioregionaldigital.com.br\/index.php?rest_route=%2Fwp%2Fv2%2Fmedia&parent=166749"}],"wp:term":[{"taxonomy":"category","embeddable":true,"href":"https:\/\/diarioregionaldigital.com.br\/index.php?rest_route=%2Fwp%2Fv2%2Fcategories&post=166749"},{"taxonomy":"post_tag","embeddable":true,"href":"https:\/\/diarioregionaldigital.com.br\/index.php?rest_route=%2Fwp%2Fv2%2Ftags&post=166749"}],"curies":[{"name":"wp","href":"https:\/\/api.w.org\/{rel}","templated":true}]}}