{"id":166743,"date":"2020-08-13T15:14:14","date_gmt":"2020-08-13T18:14:14","guid":{"rendered":"https:\/\/diarioregionaldigital.com.br\/?p=166743"},"modified":"2020-08-13T15:14:14","modified_gmt":"2020-08-13T18:14:14","slug":"representantes-de-bares-apresentam-protocolo-ao-legislativo-em-busca-de-apoio-no-pleito-para-retomada-das-atividades","status":"publish","type":"post","link":"https:\/\/diarioregionaldigital.com.br\/?p=166743","title":{"rendered":"Representantes de bares apresentam protocolo ao Legislativo em busca de apoio no pleito para retomada das atividades"},"content":{"rendered":"<p><span style=\"font-weight: 400;\">Ap\u00f3s quase 120 dias sem exercer suas atividades, empres\u00e1rios do segmento de bares estiveram na C\u00e2mara Municipal na tarde de quarta-feira (12), para apresentar ao Legislativo um documento explicando quais protocolos sanit\u00e1rios ser\u00e3o adotados caso os bares sejam autorizados a retomar suas atividades. Eles buscam apoio da C\u00e2mara para apresentar ao Comit\u00ea Municipal sua solicita\u00e7\u00e3o, na expectativa de solucionar a quest\u00e3o, j\u00e1 que de acordo com as regras atuais somente restaurantes podem funcionar, no hor\u00e1rio entre 11h e 15h, e sem consumo de bebida alco\u00f3lica. Estiveram presentes o vereador J\u00falio Obama Jr. (PODE) e o presidente da Casa, vereador Luiz Ot\u00e1vio Coelho &#8211; Pardal (PSL), que se comprometeu a encaminhar as solicita\u00e7\u00f5es, salientando que a Casa est\u00e1 sempre pronta a receber os cidad\u00e3os de Juiz de Fora.\u00a0<\/span><\/p>\n<p><span style=\"font-weight: 400;\">&#8220;Assumimos com eles tamb\u00e9m um comprometimento porque desde 18 de mar\u00e7o eles v\u00eam vivenciando esse momento, s\u00f3 com perda de receita e s\u00f3 despesas que n\u00e3o param nunca, em cima deles e de todos os segmentos de nossa cidade&#8221;, destacou o presidente. J\u00e1 o vereador J\u00falio Obama Jr. explicou que a solicita\u00e7\u00e3o ser\u00e1 repassada aos vereadores que fazem parte da Comiss\u00e3o de Enfrentamento \u00e0 COVID-19, para que a situa\u00e7\u00e3o seja discutida no Comit\u00ea Municipal. &#8220;A ideia \u00e9 que a gente leve integralmente aquilo que eles, que n\u00e3o conseguem ter acesso ao Comit\u00ea, falam aqui e nos passam\u201d. O vereador observou que esse \u00e9 um dos setores mais prejudicados desde o in\u00edcio da pandemia, \u201cprincipalmente com o abre e fecha, a n\u00e3o descri\u00e7\u00e3o das regras de forma clara, e tamb\u00e9m estamos percebendo que eles est\u00e3o tendo ser\u00edssimos preju\u00edzos e agora tamb\u00e9m na \u00e1rea trabalhista&#8221;, finalizou.<\/span><\/p>\n<p><span style=\"font-weight: 400;\">O empres\u00e1rio Marcos Mota destacou que, aqueles que optaram pelo benef\u00edcio do Governo Federal para o pagamento dos funcion\u00e1rios, a partir de agora, j\u00e1 v\u00e3o precisar voltar a pagar os sal\u00e1rios dos colaboradores, mesmo com o bar fechado e sem fonte de receita. \u201cSe a gente n\u00e3o voltar a trabalhar, o que vai acontecer \u00e9 que vamos decretar fal\u00eancia, e decretando fal\u00eancia, vai ficar todo mundo a esmo&#8221;, desabafou o empreendedor. O outro representante da categoria que esteve na reuni\u00e3o, Franz Schuberth, explicou que os bares s\u00f3 podem funcionar com retirada no balc\u00e3o e delivery, e que para reabrir o atendimento ao p\u00fablico com consumo interno eles t\u00eam um protocolo. O empres\u00e1rio contou que antes da pandemia seu bar empregava quinze pessoas, e dessas ele j\u00e1 demitiu doze. \u201cNosso setor, que tem como contribuir como atividade econ\u00f4mica, n\u00e3o est\u00e1 tendo essa chance de participar desse processo\u201d, finalizou.<\/span><\/p>\n<p><strong>Fonte:<\/strong> Assessoria<\/p>\n","protected":false},"excerpt":{"rendered":"<p>Ap\u00f3s quase 120 dias sem exercer suas atividades, empres\u00e1rios do segmento de bares estiveram na C\u00e2mara Municipal na tarde de quarta-feira (12), para apresentar ao Legislativo um documento explicando quais protocolos sanit\u00e1rios ser\u00e3o adotados caso os bares sejam autorizados a retomar suas atividades. Eles buscam apoio da C\u00e2mara para apresentar ao Comit\u00ea Municipal sua solicita\u00e7\u00e3o, [&hellip;]<\/p>\n","protected":false},"author":96,"featured_media":166744,"comment_status":"closed","ping_status":"closed","sticky":false,"template":"","format":"standard","meta":{"footnotes":""},"categories":[253,436,439],"tags":[],"class_list":["post-166743","post","type-post","status-publish","format-standard","has-post-thumbnail","hentry","category-cidade","category-destaque-da-semana","category-ultima-hora"],"_links":{"self":[{"href":"https:\/\/diarioregionaldigital.com.br\/index.php?rest_route=\/wp\/v2\/posts\/166743","targetHints":{"allow":["GET"]}}],"collection":[{"href":"https:\/\/diarioregionaldigital.com.br\/index.php?rest_route=\/wp\/v2\/posts"}],"about":[{"href":"https:\/\/diarioregionaldigital.com.br\/index.php?rest_route=\/wp\/v2\/types\/post"}],"author":[{"embeddable":true,"href":"https:\/\/diarioregionaldigital.com.br\/index.php?rest_route=\/wp\/v2\/users\/96"}],"replies":[{"embeddable":true,"href":"https:\/\/diarioregionaldigital.com.br\/index.php?rest_route=%2Fwp%2Fv2%2Fcomments&post=166743"}],"version-history":[{"count":0,"href":"https:\/\/diarioregionaldigital.com.br\/index.php?rest_route=\/wp\/v2\/posts\/166743\/revisions"}],"wp:featuredmedia":[{"embeddable":true,"href":"https:\/\/diarioregionaldigital.com.br\/index.php?rest_route=\/wp\/v2\/media\/166744"}],"wp:attachment":[{"href":"https:\/\/diarioregionaldigital.com.br\/index.php?rest_route=%2Fwp%2Fv2%2Fmedia&parent=166743"}],"wp:term":[{"taxonomy":"category","embeddable":true,"href":"https:\/\/diarioregionaldigital.com.br\/index.php?rest_route=%2Fwp%2Fv2%2Fcategories&post=166743"},{"taxonomy":"post_tag","embeddable":true,"href":"https:\/\/diarioregionaldigital.com.br\/index.php?rest_route=%2Fwp%2Fv2%2Ftags&post=166743"}],"curies":[{"name":"wp","href":"https:\/\/api.w.org\/{rel}","templated":true}]}}