{"id":166740,"date":"2020-08-13T15:05:14","date_gmt":"2020-08-13T18:05:14","guid":{"rendered":"https:\/\/diarioregionaldigital.com.br\/?p=166740"},"modified":"2020-08-13T15:05:14","modified_gmt":"2020-08-13T18:05:14","slug":"tenista-servio-novak-djokovic-participara-do-masters-1000-de-cincinnati-e-do-us-open","status":"publish","type":"post","link":"https:\/\/diarioregionaldigital.com.br\/?p=166740","title":{"rendered":"Tenista s\u00e9rvio Novak Djokovic, participar\u00e1 do Masters 1000 de Cincinnati e do US Open"},"content":{"rendered":"<p><span style=\"font-weight: 400;\">Atrav\u00e9s de sua conta no Twitter, o tenista s\u00e9rvio Novak Djokovic, atual n\u00famero um do ranking mundial da Associa\u00e7\u00e3o de Tenistas Profissionais (ATP em ingl\u00eas), confirmou que ir\u00e1 participar do Masters 1000 de Cincinnati e do US Open, ambos nos EUA. O torneio em Cincinnati ser\u00e1 realizado entre os dias 20 e 28 deste m\u00eas, enquanto que o US Open ser\u00e1 no per\u00edodo entre 30 de agosto e 13 de setembro. Sobre sua participa\u00e7\u00e3o nos dois torneios, Djokovic relata que:<\/span><\/p>\n<p><span style=\"font-weight: 400;\">\u201cEstou feliz em confirmar que participarei do #CincyTennis e do #USOpen neste ano. N\u00e3o foi uma decis\u00e3o f\u00e1cil de tomar com todos os obst\u00e1culos e desafios por todos os lados, mas a perspectiva de competir de novo me deixa muito empolgado\u201d.<\/span><\/p>\n<p><span style=\"font-weight: 400;\">Mesmo diante do cen\u00e1rio atual da pandemia do Coronav\u00edrus, Djokovic diz que est\u00e1 ciente dos protocolos de seguran\u00e7a e vale lembrar que o pr\u00f3prio tenista havia contra\u00eddo a doen\u00e7a, durante o torneio \u201cAdria Tour\u201d, que tamb\u00e9m teve outros quatro tenistas contaminados. Sobre os protocolos estabelecidos em Nova York, sede do US Open e tamb\u00e9m na prepara\u00e7\u00e3o para a disputa:<\/span><\/p>\n<p><span style=\"font-weight: 400;\">\u201cEstou ciente de que desta vez ser\u00e1 muito diferente com todos os protocolos e medidas de seguran\u00e7a que s\u00e3o colocados em pr\u00e1tica para proteger os jogadores e as pessoas de NY. Mesmo assim, treinei muito com a minha equipe e coloquei meu corpo em forma, estou pronto para me adaptar \u00e0s novas condi\u00e7\u00f5es. Fiz todos os check-ups para me certificar de que estou totalmente recuperado e pronto para voltar \u00e0 quadra totalmente comprometido em jogar meu melhor t\u00eanis\u201d.<\/span><\/p>\n<p><span style=\"font-weight: 400;\">Recentemente os atletas Rafael Nadal e Nick Kyrgios publicaram em suas redes sociais que n\u00e3o iriam participar do US Open, temendo o Coronav\u00edrus. Al\u00e9m disso, o su\u00ed\u00e7o Roger Federer est\u00e1 fora por conta de les\u00e3o. No feminino tamb\u00e9m houve desist\u00eancias importantes, como as de Elina Svitolina e Kiki Bertens, n\u00fameros 5 e 7 do ranking da WTA.<\/span><\/p>\n<p><span style=\"font-weight: 400;\">Al\u00e9m disso, a edi\u00e7\u00e3o de 2020 do US Open tem criado pol\u00eamica entre os tenistas. No domingo (9), os atletas divulgaram em suas redes sociais, um documento feito pelos organizadores, no qual pedem a assinatura de um termo de responsabilidade eximindo o evento de culpa em caso de contamina\u00e7\u00e3o por coronav\u00edrus.<\/span><\/p>\n","protected":false},"excerpt":{"rendered":"<p>Atrav\u00e9s de sua conta no Twitter, o tenista s\u00e9rvio Novak Djokovic, atual n\u00famero um do ranking mundial da Associa\u00e7\u00e3o de Tenistas Profissionais (ATP em ingl\u00eas), confirmou que ir\u00e1 participar do Masters 1000 de Cincinnati e do US Open, ambos nos EUA. O torneio em Cincinnati ser\u00e1 realizado entre os dias 20 e 28 deste m\u00eas, [&hellip;]<\/p>\n","protected":false},"author":96,"featured_media":166741,"comment_status":"closed","ping_status":"closed","sticky":false,"template":"","format":"standard","meta":{"footnotes":""},"categories":[436,257,439],"tags":[],"class_list":["post-166740","post","type-post","status-publish","format-standard","has-post-thumbnail","hentry","category-destaque-da-semana","category-esporte","category-ultima-hora"],"_links":{"self":[{"href":"https:\/\/diarioregionaldigital.com.br\/index.php?rest_route=\/wp\/v2\/posts\/166740","targetHints":{"allow":["GET"]}}],"collection":[{"href":"https:\/\/diarioregionaldigital.com.br\/index.php?rest_route=\/wp\/v2\/posts"}],"about":[{"href":"https:\/\/diarioregionaldigital.com.br\/index.php?rest_route=\/wp\/v2\/types\/post"}],"author":[{"embeddable":true,"href":"https:\/\/diarioregionaldigital.com.br\/index.php?rest_route=\/wp\/v2\/users\/96"}],"replies":[{"embeddable":true,"href":"https:\/\/diarioregionaldigital.com.br\/index.php?rest_route=%2Fwp%2Fv2%2Fcomments&post=166740"}],"version-history":[{"count":0,"href":"https:\/\/diarioregionaldigital.com.br\/index.php?rest_route=\/wp\/v2\/posts\/166740\/revisions"}],"wp:featuredmedia":[{"embeddable":true,"href":"https:\/\/diarioregionaldigital.com.br\/index.php?rest_route=\/wp\/v2\/media\/166741"}],"wp:attachment":[{"href":"https:\/\/diarioregionaldigital.com.br\/index.php?rest_route=%2Fwp%2Fv2%2Fmedia&parent=166740"}],"wp:term":[{"taxonomy":"category","embeddable":true,"href":"https:\/\/diarioregionaldigital.com.br\/index.php?rest_route=%2Fwp%2Fv2%2Fcategories&post=166740"},{"taxonomy":"post_tag","embeddable":true,"href":"https:\/\/diarioregionaldigital.com.br\/index.php?rest_route=%2Fwp%2Fv2%2Ftags&post=166740"}],"curies":[{"name":"wp","href":"https:\/\/api.w.org\/{rel}","templated":true}]}}