{"id":166737,"date":"2020-08-13T14:44:43","date_gmt":"2020-08-13T17:44:43","guid":{"rendered":"https:\/\/diarioregionaldigital.com.br\/?p=166737"},"modified":"2020-08-13T14:44:43","modified_gmt":"2020-08-13T17:44:43","slug":"sergio-perez-testa-negativo-para-covid-19-e-esta-liberado-para-correr-na-f1","status":"publish","type":"post","link":"https:\/\/diarioregionaldigital.com.br\/?p=166737","title":{"rendered":"Sergio P\u00e9rez testa negativo para Covid-19 e est\u00e1 liberado para correr na F1"},"content":{"rendered":"<p><span style=\"font-weight: 400;\">Ap\u00f3s se ausentar nas duas \u00faltimas etapas da F1, ap\u00f3s testar positivo para Coronav\u00edrus, o mexicano Sergio P\u00e9rez da Racing Point, refez os exames e resultou negativo para a doen\u00e7a. Portanto, o piloto de 30 anos est\u00e1 liberado para voltar \u00e0s pistas e ir\u00e1 disputar o GP da Espanha, neste fim de semana em Barcelona. Mesmo assim a equipe manteve o alem\u00e3o Nico Hulkenberg como piloto reserva.<\/span><\/p>\n<p><span style=\"font-weight: 400;\">Em entrevista para o site oficial da categoria, P\u00e9rez comenta sobre a sensa\u00e7\u00e3o de poder voltar a guiar o carro novamente, ap\u00f3s contrair Coronav\u00edrus, o que lhe deixou de fora dos GPs da Inglaterra e anivers\u00e1rio de 70 anos da F1, ambos disputados nos dois \u00faltimos fins de semana em Siverstone:<\/span><\/p>\n<p><span style=\"font-weight: 400;\">\u201cEstou muito feliz por estar de volta para finalmente me livrar do v\u00edrus e estar de volta com minha equipe\u201d, disse ele. \u201cTem sido dias dif\u00edceis para mim. Estou muito feliz por estar de volta e fazer o que amo. \u201d<\/span><\/p>\n<p><span style=\"font-weight: 400;\">O mexicano detalha tamb\u00e9m sobre a rotina no per\u00edodo em que esteve fora das pistas e consequentemente em isolamento social:<\/span><\/p>\n<p><span style=\"font-weight: 400;\">\u201cTive muita sorte de n\u00e3o ter nenhum sintoma grave al\u00e9m de uma pequena dor de cabe\u00e7a e um ou dois dias me senti muito cansado, mas ao mesmo tempo voc\u00ea se sente assim quando passa tanto tempo sozinho. Eu n\u00e3o podia sair da sala, ent\u00e3o fiquei basicamente trancado por 10 dias. Essa foi a \u00fanica sensa\u00e7\u00e3o. Na verdade, eu estava treinando no apartamento onde estava. Eu estava tentando me manter em forma. Havia uma chance de eu ter competido na segunda corrida de Silverstone. se eu testei negativo. Infelizmente isso n\u00e3o aconteceu. Agora, finalmente, estou livre para correr novamente.\u201d<\/span><\/p>\n<p><span style=\"font-weight: 400;\">E para finalizar a entrevista para o site oficial da categoria, P\u00e9rez diz que manteve contato com Nico Hulkenberg, seu substituto nas duas \u00faltimas provas:<\/span><\/p>\n<p><span style=\"font-weight: 400;\">\u201cFalei regularmente com ele durante o fim-de-semana e esperava que conseguisse o seu primeiro p\u00f3dio,\u201d disse. &#8220;Infelizmente, isso n\u00e3o aconteceu, mas sim, ele realmente me mandou uma mensagem hoje, ent\u00e3o est\u00e1vamos trocando mensagens de texto&#8221; finalizou.<\/span><\/p>\n<p><span style=\"font-weight: 400;\">Com tr\u00eas provas disputadas na temporada (\u00c1ustria, Est\u00edria e Hungria), Sergio P\u00e9rez ocupa a oitava posi\u00e7\u00e3o no campeonato com 22 pontos. A pr\u00f3xima etapa da F1 come\u00e7a a partir desta sexta-feira (14) com duas sess\u00f5es de treinos livres, \u00e0s 6h00 e 10h00. No s\u00e1bado (15) tem a terceira sess\u00e3o de treino livre \u00e0s 7h00 e o treino de classifica\u00e7\u00e3o \u00e0s 10h00. A corrida contar\u00e1 com 66 voltas pelo Circuito da Catalunha em Barcelona e ser\u00e1 no domingo (16), \u00e0s 10h10. Todo o cronograma est\u00e1 no hor\u00e1rio de Bras\u00edlia.<\/span><\/p>\n","protected":false},"excerpt":{"rendered":"<p>Ap\u00f3s se ausentar nas duas \u00faltimas etapas da F1, ap\u00f3s testar positivo para Coronav\u00edrus, o mexicano Sergio P\u00e9rez da Racing Point, refez os exames e resultou negativo para a doen\u00e7a. Portanto, o piloto de 30 anos est\u00e1 liberado para voltar \u00e0s pistas e ir\u00e1 disputar o GP da Espanha, neste fim de semana em Barcelona. [&hellip;]<\/p>\n","protected":false},"author":96,"featured_media":166738,"comment_status":"closed","ping_status":"closed","sticky":false,"template":"","format":"standard","meta":{"footnotes":""},"categories":[436,257,439],"tags":[],"class_list":["post-166737","post","type-post","status-publish","format-standard","has-post-thumbnail","hentry","category-destaque-da-semana","category-esporte","category-ultima-hora"],"_links":{"self":[{"href":"https:\/\/diarioregionaldigital.com.br\/index.php?rest_route=\/wp\/v2\/posts\/166737","targetHints":{"allow":["GET"]}}],"collection":[{"href":"https:\/\/diarioregionaldigital.com.br\/index.php?rest_route=\/wp\/v2\/posts"}],"about":[{"href":"https:\/\/diarioregionaldigital.com.br\/index.php?rest_route=\/wp\/v2\/types\/post"}],"author":[{"embeddable":true,"href":"https:\/\/diarioregionaldigital.com.br\/index.php?rest_route=\/wp\/v2\/users\/96"}],"replies":[{"embeddable":true,"href":"https:\/\/diarioregionaldigital.com.br\/index.php?rest_route=%2Fwp%2Fv2%2Fcomments&post=166737"}],"version-history":[{"count":0,"href":"https:\/\/diarioregionaldigital.com.br\/index.php?rest_route=\/wp\/v2\/posts\/166737\/revisions"}],"wp:featuredmedia":[{"embeddable":true,"href":"https:\/\/diarioregionaldigital.com.br\/index.php?rest_route=\/wp\/v2\/media\/166738"}],"wp:attachment":[{"href":"https:\/\/diarioregionaldigital.com.br\/index.php?rest_route=%2Fwp%2Fv2%2Fmedia&parent=166737"}],"wp:term":[{"taxonomy":"category","embeddable":true,"href":"https:\/\/diarioregionaldigital.com.br\/index.php?rest_route=%2Fwp%2Fv2%2Fcategories&post=166737"},{"taxonomy":"post_tag","embeddable":true,"href":"https:\/\/diarioregionaldigital.com.br\/index.php?rest_route=%2Fwp%2Fv2%2Ftags&post=166737"}],"curies":[{"name":"wp","href":"https:\/\/api.w.org\/{rel}","templated":true}]}}