{"id":166734,"date":"2020-08-13T14:23:05","date_gmt":"2020-08-13T17:23:05","guid":{"rendered":"https:\/\/diarioregionaldigital.com.br\/?p=166734"},"modified":"2020-08-13T14:23:05","modified_gmt":"2020-08-13T17:23:05","slug":"fifa-realizara-premiacao-the-best-em-cerimonia-virtual","status":"publish","type":"post","link":"https:\/\/diarioregionaldigital.com.br\/?p=166734","title":{"rendered":"FIFA realizar\u00e1 premia\u00e7\u00e3o &#8216;The Best&#8217; em cerim\u00f4nia virtual"},"content":{"rendered":"<p><span style=\"font-weight: 400;\">A FIFA confirmou que a premia\u00e7\u00e3o anual \u2018The Best\u2019, dada aos melhores do futebol masculino e feminino referente \u00e0 temporada 2019\/2020, ser\u00e1 realizada em cerim\u00f4nia virtual, entretanto sem data e formatos definidos. Apesar da paralisa\u00e7\u00e3o da temporada do futebol mundial por conta da pandemia do Coronav\u00edrus, a entidade decidiu em prosseguir com a premia\u00e7\u00e3o. Anualmente, a cerim\u00f4nia \u00e9 realizada no m\u00eas de setembro.<\/span><\/p>\n<p><span style=\"font-weight: 400;\">Diante disso, o \u2018The Best\u2019 ser\u00e1 o \u00fanico grande pr\u00eamio individual a ser condecorado neste ano, uma vez que a revista francesa <\/span><i><span style=\"font-weight: 400;\">France Football,<\/span><\/i><span style=\"font-weight: 400;\"> cancelou o Bola de Ouro no \u00faltimo m\u00eas de julho, o qual elege o melhor jogador do mundo.\u00a0<\/span><\/p>\n<p><span style=\"font-weight: 400;\">A not\u00edcia servir\u00e1 de motiva\u00e7\u00e3o para os atletas que est\u00e3o em final de temporada no futebol europeu. Nomes como Neymar, Lionel Messi, Robert Lewandowski e Kevin De Bruyne s\u00e3o candidatos para a honraria. Al\u00e9m disso, os referidos jogadores permanecem na disputa pelo t\u00edtulo da Liga dos Campe\u00f5es, que pode ser fator determinante na vota\u00e7\u00e3o.<\/span><\/p>\n<p><span style=\"font-weight: 400;\"> O pr\u00eamio de melhor jogador da FIFA \u00e9 dado desde 1991, tendo como maior vencedor o argentino Lionel Messi, com seis premia\u00e7\u00f5es. Desde ent\u00e3o, 15 jogadores receberam a honraria:<\/span><\/p>\n<ul>\n<li style=\"font-weight: 400;\"><span style=\"font-weight: 400;\">1991: Lothar Matthaus (Alemanha)<\/span><\/li>\n<li style=\"font-weight: 400;\"><span style=\"font-weight: 400;\">1992: Marco Van Basten (Holanda)<\/span><\/li>\n<li style=\"font-weight: 400;\"><span style=\"font-weight: 400;\">1993: Roberto Baggio (It\u00e1lia)<\/span><\/li>\n<li style=\"font-weight: 400;\"><span style=\"font-weight: 400;\">1994: <\/span><b>Rom\u00e1rio (Brasil)<\/b><\/li>\n<li style=\"font-weight: 400;\"><span style=\"font-weight: 400;\">1995: George Weah (Lib\u00e9ria)<\/span><\/li>\n<li style=\"font-weight: 400;\"><span style=\"font-weight: 400;\">1996: <\/span><b>Ronaldo (Brasil)<\/b><\/li>\n<li style=\"font-weight: 400;\"><span style=\"font-weight: 400;\">1997: <\/span><b>Ronaldo (Brasil)<\/b><\/li>\n<li style=\"font-weight: 400;\"><span style=\"font-weight: 400;\">1998: Zinedine Zidane (Fran\u00e7a)<\/span><\/li>\n<li style=\"font-weight: 400;\"><span style=\"font-weight: 400;\">1999: <\/span><b>Rivaldo (Brasil)<\/b><\/li>\n<li style=\"font-weight: 400;\"><span style=\"font-weight: 400;\">2000: Zinedine Zidane (Fran\u00e7a)<\/span><\/li>\n<li style=\"font-weight: 400;\"><span style=\"font-weight: 400;\">2001: Lu\u00eds Figo (Portugal)<\/span><\/li>\n<li style=\"font-weight: 400;\"><span style=\"font-weight: 400;\">2002: <\/span><b>Ronaldo (Brasil)<\/b><\/li>\n<li style=\"font-weight: 400;\"><span style=\"font-weight: 400;\">2003: Zinedine Zidane (Fran\u00e7a)<\/span><\/li>\n<li style=\"font-weight: 400;\"><span style=\"font-weight: 400;\">2004: <\/span><b>Ronaldinho Ga\u00facho (Brasil)<\/b><\/li>\n<li style=\"font-weight: 400;\"><span style=\"font-weight: 400;\">2005: <\/span><b>Ronaldinho Ga\u00facho (Brasil)<\/b><\/li>\n<li style=\"font-weight: 400;\"><span style=\"font-weight: 400;\">2006: Fabio Cannavaro (It\u00e1lia)<\/span><\/li>\n<li style=\"font-weight: 400;\"><span style=\"font-weight: 400;\">2007: <\/span><b>Kak\u00e1 (Brasil)<\/b><\/li>\n<li style=\"font-weight: 400;\"><span style=\"font-weight: 400;\">2008: Cristiano Ronaldo (Portugal)<\/span><\/li>\n<li style=\"font-weight: 400;\"><span style=\"font-weight: 400;\">2009: Lionel Messi (Argentina)<\/span><\/li>\n<li style=\"font-weight: 400;\"><span style=\"font-weight: 400;\">2010: Lionel Messi (Argentina)<\/span><\/li>\n<li style=\"font-weight: 400;\"><span style=\"font-weight: 400;\">2011: Lionel Messi (Argentina)<\/span><\/li>\n<li style=\"font-weight: 400;\"><span style=\"font-weight: 400;\">2012: Lionel Messi (Argentina)<\/span><\/li>\n<li style=\"font-weight: 400;\"><span style=\"font-weight: 400;\">2013: Cristiano Ronaldo (Portugal)<\/span><\/li>\n<li style=\"font-weight: 400;\"><span style=\"font-weight: 400;\">2014: Cristiano Ronaldo (Portugal)<\/span><\/li>\n<li style=\"font-weight: 400;\"><span style=\"font-weight: 400;\">2015: Lionel Messi (Argentina)<\/span><\/li>\n<li style=\"font-weight: 400;\"><span style=\"font-weight: 400;\">2016: Cristiano Ronaldo (Portugal)<\/span><\/li>\n<li style=\"font-weight: 400;\"><span style=\"font-weight: 400;\">2017: Cristiano Ronaldo (Portugal)<\/span><\/li>\n<li style=\"font-weight: 400;\"><span style=\"font-weight: 400;\">2018: Luka Modric (Cro\u00e1cia)<\/span><\/li>\n<li style=\"font-weight: 400;\"><span style=\"font-weight: 400;\">2019: Lionel Messi (Argentina)<\/span><\/li>\n<\/ul>\n<p><b>Premia\u00e7\u00e3o \u00e0s mulheres<\/b><\/p>\n<p><span style=\"font-weight: 400;\">No ano de 2001, a revista <\/span><i><span style=\"font-weight: 400;\">France Football<\/span><\/i><span style=\"font-weight: 400;\"> passou a premiar tamb\u00e9m a melhor jogadora do futebol feminino. A partir de 2016, a honraria passou a ser dada pela FIFA. At\u00e9 ent\u00e3o, dez jogadoras j\u00e1\u00a0 ganharam o pr\u00eamio de melhor do mundo, incluindo a brasileira Marta com seis conquistas:<\/span><\/p>\n<ul>\n<li style=\"font-weight: 400;\"><span style=\"font-weight: 400;\">2001: Mia Hamm (EUA)<\/span><\/li>\n<li style=\"font-weight: 400;\"><span style=\"font-weight: 400;\">2002: Mia Hamm (EUA)<\/span><\/li>\n<li style=\"font-weight: 400;\"><span style=\"font-weight: 400;\">2003: Birgit Prinz (Alemanha)<\/span><\/li>\n<li style=\"font-weight: 400;\"><span style=\"font-weight: 400;\">2004: Birgit Prinz (Alemanha)<\/span><\/li>\n<li style=\"font-weight: 400;\"><span style=\"font-weight: 400;\">2005: Birgit Prinz (Alemanha)<\/span><\/li>\n<li style=\"font-weight: 400;\"><span style=\"font-weight: 400;\">2006: <\/span><b>Marta (Brasil)<\/b><\/li>\n<li style=\"font-weight: 400;\"><span style=\"font-weight: 400;\">2007: <\/span><b>Marta (Brasil)<\/b><\/li>\n<li style=\"font-weight: 400;\"><span style=\"font-weight: 400;\">2008: <\/span><b>Marta (Brasil)<\/b><\/li>\n<li style=\"font-weight: 400;\"><span style=\"font-weight: 400;\">2009: <\/span><b>Marta (Brasil)<\/b><\/li>\n<li style=\"font-weight: 400;\"><span style=\"font-weight: 400;\">2010: <\/span><b>Marta (Brasil)<\/b><\/li>\n<li style=\"font-weight: 400;\"><span style=\"font-weight: 400;\">2011: Homare Sawa (Jap\u00e3o)<\/span><\/li>\n<li style=\"font-weight: 400;\"><span style=\"font-weight: 400;\">2012: Abby Wambach (EUA)<\/span><\/li>\n<li style=\"font-weight: 400;\"><span style=\"font-weight: 400;\">2013: Nadine Angerer (Alemanha)<\/span><\/li>\n<li style=\"font-weight: 400;\"><span style=\"font-weight: 400;\">2014: Nadine Kessler (Alemanha)<\/span><\/li>\n<li style=\"font-weight: 400;\"><span style=\"font-weight: 400;\">2015: Carli Loyd (EUA)<\/span><\/li>\n<li style=\"font-weight: 400;\"><span style=\"font-weight: 400;\">2016: Carli Loyd (EUA)<\/span><\/li>\n<li style=\"font-weight: 400;\"><span style=\"font-weight: 400;\">2017: Lieke Mertens (Holanda)<\/span><\/li>\n<li style=\"font-weight: 400;\"><span style=\"font-weight: 400;\">2018: <\/span><b>Marta (Brasil)<\/b><\/li>\n<li style=\"font-weight: 400;\"><span style=\"font-weight: 400;\">2019: Megan Rapinoe (EUA)<\/span><\/li>\n<\/ul>\n","protected":false},"excerpt":{"rendered":"<p>A FIFA confirmou que a premia\u00e7\u00e3o anual \u2018The Best\u2019, dada aos melhores do futebol masculino e feminino referente \u00e0 temporada 2019\/2020, ser\u00e1 realizada em cerim\u00f4nia virtual, entretanto sem data e formatos definidos. Apesar da paralisa\u00e7\u00e3o da temporada do futebol mundial por conta da pandemia do Coronav\u00edrus, a entidade decidiu em prosseguir com a premia\u00e7\u00e3o. Anualmente, [&hellip;]<\/p>\n","protected":false},"author":96,"featured_media":166735,"comment_status":"closed","ping_status":"closed","sticky":false,"template":"","format":"standard","meta":{"footnotes":""},"categories":[436,257,439],"tags":[],"class_list":["post-166734","post","type-post","status-publish","format-standard","has-post-thumbnail","hentry","category-destaque-da-semana","category-esporte","category-ultima-hora"],"_links":{"self":[{"href":"https:\/\/diarioregionaldigital.com.br\/index.php?rest_route=\/wp\/v2\/posts\/166734","targetHints":{"allow":["GET"]}}],"collection":[{"href":"https:\/\/diarioregionaldigital.com.br\/index.php?rest_route=\/wp\/v2\/posts"}],"about":[{"href":"https:\/\/diarioregionaldigital.com.br\/index.php?rest_route=\/wp\/v2\/types\/post"}],"author":[{"embeddable":true,"href":"https:\/\/diarioregionaldigital.com.br\/index.php?rest_route=\/wp\/v2\/users\/96"}],"replies":[{"embeddable":true,"href":"https:\/\/diarioregionaldigital.com.br\/index.php?rest_route=%2Fwp%2Fv2%2Fcomments&post=166734"}],"version-history":[{"count":0,"href":"https:\/\/diarioregionaldigital.com.br\/index.php?rest_route=\/wp\/v2\/posts\/166734\/revisions"}],"wp:featuredmedia":[{"embeddable":true,"href":"https:\/\/diarioregionaldigital.com.br\/index.php?rest_route=\/wp\/v2\/media\/166735"}],"wp:attachment":[{"href":"https:\/\/diarioregionaldigital.com.br\/index.php?rest_route=%2Fwp%2Fv2%2Fmedia&parent=166734"}],"wp:term":[{"taxonomy":"category","embeddable":true,"href":"https:\/\/diarioregionaldigital.com.br\/index.php?rest_route=%2Fwp%2Fv2%2Fcategories&post=166734"},{"taxonomy":"post_tag","embeddable":true,"href":"https:\/\/diarioregionaldigital.com.br\/index.php?rest_route=%2Fwp%2Fv2%2Ftags&post=166734"}],"curies":[{"name":"wp","href":"https:\/\/api.w.org\/{rel}","templated":true}]}}