{"id":166731,"date":"2020-08-13T13:46:32","date_gmt":"2020-08-13T16:46:32","guid":{"rendered":"https:\/\/diarioregionaldigital.com.br\/?p=166731"},"modified":"2020-08-13T13:46:32","modified_gmt":"2020-08-13T16:46:32","slug":"com-14-atletas-inscritos-natacao-brasileira-volta-as-competicoes-no-open-de-loule-em-portugal","status":"publish","type":"post","link":"https:\/\/diarioregionaldigital.com.br\/?p=166731","title":{"rendered":"Com 14 atletas inscritos, nata\u00e7\u00e3o brasileira volta \u00e0s competi\u00e7\u00f5es no Open de Loul\u00e9 em Portugal"},"content":{"rendered":"<p><span style=\"font-weight: 400;\">A sele\u00e7\u00e3o brasileira de nata\u00e7\u00e3o que integra a Miss\u00e3o Europa j\u00e1 est\u00e1 no Algarve, em Portugal, onde disputa a partir desta sexta-feira (14), o Open de Loul\u00e9. Esta ser\u00e1 a primeira competi\u00e7\u00e3o de nata\u00e7\u00e3o entre sele\u00e7\u00f5es ap\u00f3s o per\u00edodo de isolamento social imposto a v\u00e1rios pa\u00edses do mundo por conta da pandemia da Covid-19. O Brasil ter\u00e1 14 nadadores na competi\u00e7\u00e3o. Atletas e comiss\u00e3o t\u00e9cnica foram submetidos a exames de Covid-19, apresentando resultado negativo.<\/span><\/p>\n<p><span style=\"font-weight: 400;\">\u201cEstamos bastante felizes de retornar a uma competi\u00e7\u00e3o depois de todo esse per\u00edodo de incerteza que vivemos nos \u00faltimos meses. O COB, a CBDA e a organiza\u00e7\u00e3o do evento fizeram todo um protocolo para que a gente nade em seguran\u00e7a. Vai ser uma competi\u00e7\u00e3o muito importante para que a gente retorne ao ritmo de competi\u00e7\u00e3o, quebre o gelo e volte \u00e0 rotina de competitividade. Vai ser bastante proveitoso e contamos com a torcida de todos\u201d, falou Leonardo Santos, prata nos 400m medley e bronze nos 200m medley nos Jogos Pan-americanos Lima 2019.<\/span><\/p>\n<p><span style=\"font-weight: 400;\">De acordo com a organiza\u00e7\u00e3o do evento, 78 atletas est\u00e3o inscritos para a competi\u00e7\u00e3o. A delega\u00e7\u00e3o espanhola \u00e9 a maior delas, com 32 atletas, seguida por Portugal (23) e Brasil (14). Ainda est\u00e3o inscritos outros seis portugueses que representam clubes locais, dois atletas de Andorra e dois da Arg\u00e9lia.<\/span><\/p>\n<p><span style=\"font-weight: 400;\">Confira a lista de atletas brasileiros inscritos:<\/span><\/p>\n<p><span style=\"font-weight: 400;\">1 &#8211; Marcelo Chierighini<\/span><\/p>\n<p><span style=\"font-weight: 400;\">2 &#8211; Pedro Spajari<\/span><\/p>\n<p><span style=\"font-weight: 400;\">3 &#8211; Breno Correia\u00a0<\/span><\/p>\n<p><span style=\"font-weight: 400;\">4 &#8211; Gabriel Santos<\/span><\/p>\n<p><span style=\"font-weight: 400;\">5 &#8211; Fernando Scheffer<\/span><\/p>\n<p><span style=\"font-weight: 400;\">6 &#8211; Marco Antonio Ferreira Junior<\/span><\/p>\n<p><span style=\"font-weight: 400;\">7 &#8211; Felipe Fran\u00e7a<\/span><\/p>\n<p><span style=\"font-weight: 400;\">8 &#8211; Guilherme Guido<\/span><\/p>\n<p><span style=\"font-weight: 400;\">9 &#8211; Leonardo Santos<\/span><\/p>\n<p><span style=\"font-weight: 400;\">10 &#8211; Murilo Sartori<\/span><\/p>\n<p><span style=\"font-weight: 400;\">11- Viviane Jungblut<\/span><\/p>\n<p><span style=\"font-weight: 400;\">12 &#8211; Diogo Villarinho<\/span><\/p>\n<p><span style=\"font-weight: 400;\">13 &#8211; Alexandre Finco<\/span><\/p>\n<p><span style=\"font-weight: 400;\">14 &#8211; Fernando Ponte<\/span><\/p>\n<p><strong>Fonte:<\/strong> COB<\/p>\n","protected":false},"excerpt":{"rendered":"<p>A sele\u00e7\u00e3o brasileira de nata\u00e7\u00e3o que integra a Miss\u00e3o Europa j\u00e1 est\u00e1 no Algarve, em Portugal, onde disputa a partir desta sexta-feira (14), o Open de Loul\u00e9. Esta ser\u00e1 a primeira competi\u00e7\u00e3o de nata\u00e7\u00e3o entre sele\u00e7\u00f5es ap\u00f3s o per\u00edodo de isolamento social imposto a v\u00e1rios pa\u00edses do mundo por conta da pandemia da Covid-19. O [&hellip;]<\/p>\n","protected":false},"author":96,"featured_media":166732,"comment_status":"closed","ping_status":"closed","sticky":false,"template":"","format":"standard","meta":{"footnotes":""},"categories":[436,257,439],"tags":[],"class_list":["post-166731","post","type-post","status-publish","format-standard","has-post-thumbnail","hentry","category-destaque-da-semana","category-esporte","category-ultima-hora"],"_links":{"self":[{"href":"https:\/\/diarioregionaldigital.com.br\/index.php?rest_route=\/wp\/v2\/posts\/166731","targetHints":{"allow":["GET"]}}],"collection":[{"href":"https:\/\/diarioregionaldigital.com.br\/index.php?rest_route=\/wp\/v2\/posts"}],"about":[{"href":"https:\/\/diarioregionaldigital.com.br\/index.php?rest_route=\/wp\/v2\/types\/post"}],"author":[{"embeddable":true,"href":"https:\/\/diarioregionaldigital.com.br\/index.php?rest_route=\/wp\/v2\/users\/96"}],"replies":[{"embeddable":true,"href":"https:\/\/diarioregionaldigital.com.br\/index.php?rest_route=%2Fwp%2Fv2%2Fcomments&post=166731"}],"version-history":[{"count":0,"href":"https:\/\/diarioregionaldigital.com.br\/index.php?rest_route=\/wp\/v2\/posts\/166731\/revisions"}],"wp:featuredmedia":[{"embeddable":true,"href":"https:\/\/diarioregionaldigital.com.br\/index.php?rest_route=\/wp\/v2\/media\/166732"}],"wp:attachment":[{"href":"https:\/\/diarioregionaldigital.com.br\/index.php?rest_route=%2Fwp%2Fv2%2Fmedia&parent=166731"}],"wp:term":[{"taxonomy":"category","embeddable":true,"href":"https:\/\/diarioregionaldigital.com.br\/index.php?rest_route=%2Fwp%2Fv2%2Fcategories&post=166731"},{"taxonomy":"post_tag","embeddable":true,"href":"https:\/\/diarioregionaldigital.com.br\/index.php?rest_route=%2Fwp%2Fv2%2Ftags&post=166731"}],"curies":[{"name":"wp","href":"https:\/\/api.w.org\/{rel}","templated":true}]}}