{"id":166726,"date":"2020-08-13T13:35:04","date_gmt":"2020-08-13T16:35:04","guid":{"rendered":"https:\/\/diarioregionaldigital.com.br\/?p=166726"},"modified":"2020-08-13T13:40:23","modified_gmt":"2020-08-13T16:40:23","slug":"adolescente-e-preso-por-envolvimento-em-trafico-de-drogas-por-posse-de-arma-de-fogo-e-municoes","status":"publish","type":"post","link":"https:\/\/diarioregionaldigital.com.br\/?p=166726","title":{"rendered":"Adolescente \u00e9 preso por envolvimento em tr\u00e1fico de drogas, posse de arma de fogo e muni\u00e7\u00f5es"},"content":{"rendered":"<p>A Pol\u00edcia Militar (PM), prendeu na noite de quarta-feira (12), um adolescente de 14 anos, suspeito por envolvimento em tr\u00e1fico de drogas no Bairro Solidariedade (Regi\u00e3o Sudeste) e por posse de arma de fogo e muni\u00e7\u00f5es. Os militares receberam informa\u00e7\u00f5es de populares que o menor infrator estaria em via p\u00fablica realizando o com\u00e9rcio de drogas e amea\u00e7ando\u00a0 efetuar disparos contra todos que passavam pelo local. Com endere\u00e7o em m\u00e3os, os policiais foram ao local e lograram \u00eaxito em localizar e abordar o adolescente.<\/p>\n<p>Durante buscas pessoais, foi encontrada uma pistola calibre 380 e carregada com 31 muni\u00e7\u00f5es, al\u00e9m de cinco papelotes de coca\u00edna, tr\u00eas buchas de maconha, um celular e a quantia de R$ 630,00. Durante conversas com a guarni\u00e7\u00e3o, o menor afirmou que estaria guardando uma outra arma de fogo em sua resid\u00eancia. Dando prosseguimento \u00e0s dilig\u00eancias, os militares foram at\u00e9 o local e ap\u00f3s buscas pelo im\u00f3vel, foi encontrada uma espingarda calibre 12 carregada com quatro cartuchos, al\u00e9m de mais dois carregadores de arma de fogo e oito muni\u00e7\u00f5es calibre 9mm, estes encontrados debaixo da cama do adolescente. Diante dos fatos, o menor infrator foi preso em flagrante e conduzido para a Delegacia, junto com os materiais apreendidos.<\/p>\n","protected":false},"excerpt":{"rendered":"<p>A Pol\u00edcia Militar (PM), prendeu na noite de quarta-feira (12), um adolescente de 14 anos, suspeito por envolvimento em tr\u00e1fico de drogas no Bairro Solidariedade (Regi\u00e3o Sudeste) e por posse de arma de fogo e muni\u00e7\u00f5es. Os militares receberam informa\u00e7\u00f5es de populares que o menor infrator estaria em via p\u00fablica realizando o com\u00e9rcio de drogas [&hellip;]<\/p>\n","protected":false},"author":96,"featured_media":166727,"comment_status":"closed","ping_status":"closed","sticky":false,"template":"","format":"standard","meta":{"footnotes":""},"categories":[301,436,439],"tags":[],"class_list":["post-166726","post","type-post","status-publish","format-standard","has-post-thumbnail","hentry","category-artigos-policiais","category-destaque-da-semana","category-ultima-hora"],"_links":{"self":[{"href":"https:\/\/diarioregionaldigital.com.br\/index.php?rest_route=\/wp\/v2\/posts\/166726","targetHints":{"allow":["GET"]}}],"collection":[{"href":"https:\/\/diarioregionaldigital.com.br\/index.php?rest_route=\/wp\/v2\/posts"}],"about":[{"href":"https:\/\/diarioregionaldigital.com.br\/index.php?rest_route=\/wp\/v2\/types\/post"}],"author":[{"embeddable":true,"href":"https:\/\/diarioregionaldigital.com.br\/index.php?rest_route=\/wp\/v2\/users\/96"}],"replies":[{"embeddable":true,"href":"https:\/\/diarioregionaldigital.com.br\/index.php?rest_route=%2Fwp%2Fv2%2Fcomments&post=166726"}],"version-history":[{"count":0,"href":"https:\/\/diarioregionaldigital.com.br\/index.php?rest_route=\/wp\/v2\/posts\/166726\/revisions"}],"wp:featuredmedia":[{"embeddable":true,"href":"https:\/\/diarioregionaldigital.com.br\/index.php?rest_route=\/wp\/v2\/media\/166727"}],"wp:attachment":[{"href":"https:\/\/diarioregionaldigital.com.br\/index.php?rest_route=%2Fwp%2Fv2%2Fmedia&parent=166726"}],"wp:term":[{"taxonomy":"category","embeddable":true,"href":"https:\/\/diarioregionaldigital.com.br\/index.php?rest_route=%2Fwp%2Fv2%2Fcategories&post=166726"},{"taxonomy":"post_tag","embeddable":true,"href":"https:\/\/diarioregionaldigital.com.br\/index.php?rest_route=%2Fwp%2Fv2%2Ftags&post=166726"}],"curies":[{"name":"wp","href":"https:\/\/api.w.org\/{rel}","templated":true}]}}