{"id":166721,"date":"2020-08-13T11:11:26","date_gmt":"2020-08-13T14:11:26","guid":{"rendered":"https:\/\/diarioregionaldigital.com.br\/?p=166721"},"modified":"2020-08-13T11:11:26","modified_gmt":"2020-08-13T14:11:26","slug":"homem-desmaia-durante-assalto-no-jardim-de-ala","status":"publish","type":"post","link":"https:\/\/diarioregionaldigital.com.br\/?p=166721","title":{"rendered":"Homem desmaia durante assalto no Jardim de Al\u00e1"},"content":{"rendered":"<p>Um homem de 41 anos, relatou \u00e0 Pol\u00edcia Militar (PM), que na noite de quarta-feira (12), transitava pela Rua Elamaia Cunha no Bairro Jardim de Al\u00e1 (Regi\u00e3o Sul), quando foi agarrado por tr\u00e1s e recebeu o golpe de mata le\u00e3o, vindo a desmaiar no local. Ao recuperar a consci\u00eancia, a v\u00edtima notou que teve seu telefone celular roubado e tamb\u00e9m seu cart\u00e3o de banco. A v\u00edtima relatou aos policiais que n\u00e3o p\u00f4de ver as caracter\u00edsticas do autor.<\/p>\n","protected":false},"excerpt":{"rendered":"<p>Um homem de 41 anos, relatou \u00e0 Pol\u00edcia Militar (PM), que na noite de quarta-feira (12), transitava pela Rua Elamaia Cunha no Bairro Jardim de Al\u00e1 (Regi\u00e3o Sul), quando foi agarrado por tr\u00e1s e recebeu o golpe de mata le\u00e3o, vindo a desmaiar no local. Ao recuperar a consci\u00eancia, a v\u00edtima notou que teve seu [&hellip;]<\/p>\n","protected":false},"author":96,"featured_media":165308,"comment_status":"closed","ping_status":"closed","sticky":false,"template":"","format":"standard","meta":{"footnotes":""},"categories":[301,436,439],"tags":[],"class_list":["post-166721","post","type-post","status-publish","format-standard","has-post-thumbnail","hentry","category-artigos-policiais","category-destaque-da-semana","category-ultima-hora"],"_links":{"self":[{"href":"https:\/\/diarioregionaldigital.com.br\/index.php?rest_route=\/wp\/v2\/posts\/166721","targetHints":{"allow":["GET"]}}],"collection":[{"href":"https:\/\/diarioregionaldigital.com.br\/index.php?rest_route=\/wp\/v2\/posts"}],"about":[{"href":"https:\/\/diarioregionaldigital.com.br\/index.php?rest_route=\/wp\/v2\/types\/post"}],"author":[{"embeddable":true,"href":"https:\/\/diarioregionaldigital.com.br\/index.php?rest_route=\/wp\/v2\/users\/96"}],"replies":[{"embeddable":true,"href":"https:\/\/diarioregionaldigital.com.br\/index.php?rest_route=%2Fwp%2Fv2%2Fcomments&post=166721"}],"version-history":[{"count":0,"href":"https:\/\/diarioregionaldigital.com.br\/index.php?rest_route=\/wp\/v2\/posts\/166721\/revisions"}],"wp:featuredmedia":[{"embeddable":true,"href":"https:\/\/diarioregionaldigital.com.br\/index.php?rest_route=\/wp\/v2\/media\/165308"}],"wp:attachment":[{"href":"https:\/\/diarioregionaldigital.com.br\/index.php?rest_route=%2Fwp%2Fv2%2Fmedia&parent=166721"}],"wp:term":[{"taxonomy":"category","embeddable":true,"href":"https:\/\/diarioregionaldigital.com.br\/index.php?rest_route=%2Fwp%2Fv2%2Fcategories&post=166721"},{"taxonomy":"post_tag","embeddable":true,"href":"https:\/\/diarioregionaldigital.com.br\/index.php?rest_route=%2Fwp%2Fv2%2Ftags&post=166721"}],"curies":[{"name":"wp","href":"https:\/\/api.w.org\/{rel}","templated":true}]}}