{"id":166666,"date":"2020-08-12T18:56:07","date_gmt":"2020-08-12T21:56:07","guid":{"rendered":"https:\/\/diarioregionaldigital.com.br\/?p=166666"},"modified":"2020-08-12T18:56:07","modified_gmt":"2020-08-12T21:56:07","slug":"pm-apreende-202-pedras-de-crack-escondidas-em-escadao-no-bairro-ladeira","status":"publish","type":"post","link":"https:\/\/diarioregionaldigital.com.br\/?p=166666","title":{"rendered":"PM apreende 202 pedras de crack escondidas em escad\u00e3o no Bairro Ladeira"},"content":{"rendered":"<p>A Pol\u00edcia Militar (PM), realizava um patrulhamento pelo Bairro Ladeira (Regi\u00e3o Leste), quando avistou um jovem de 20 anos em uma motocicleta e o mesmo em atitude suspeita. A guarni\u00e7\u00e3o realizou abordagem e encontrou a quantia de R$ 113,00 em dinheiro. Al\u00e9m disso, foi constatado que o autor n\u00e3o estava habilitado e a documenta\u00e7\u00e3o do ve\u00edculo estava regularizada. Logo em seguida, os policiais receberam den\u00fancia an\u00f4nima, dizendo que o jovem estaria envolvido em tr\u00e1fico de drogas e que estaria guardando os materiais em um beco no local.<\/p>\n<p>Os militares foram checar os fatos e lograram \u00eaxito em localizar um pote contendo 202 pedras de crack e uma balan\u00e7a de precis\u00e3o. O autor negou ser o dono dos materiais. Diante dos fatos, o suspeito foi preso em flagrante e conduzido para a Delegacia, junto com os materiais apreendidos.<\/p>\n","protected":false},"excerpt":{"rendered":"<p>A Pol\u00edcia Militar (PM), realizava um patrulhamento pelo Bairro Ladeira (Regi\u00e3o Leste), quando avistou um jovem de 20 anos em uma motocicleta e o mesmo em atitude suspeita. A guarni\u00e7\u00e3o realizou abordagem e encontrou a quantia de R$ 113,00 em dinheiro. Al\u00e9m disso, foi constatado que o autor n\u00e3o estava habilitado e a documenta\u00e7\u00e3o do [&hellip;]<\/p>\n","protected":false},"author":96,"featured_media":166667,"comment_status":"closed","ping_status":"closed","sticky":false,"template":"","format":"standard","meta":{"footnotes":""},"categories":[301,436,439],"tags":[],"class_list":["post-166666","post","type-post","status-publish","format-standard","has-post-thumbnail","hentry","category-artigos-policiais","category-destaque-da-semana","category-ultima-hora"],"_links":{"self":[{"href":"https:\/\/diarioregionaldigital.com.br\/index.php?rest_route=\/wp\/v2\/posts\/166666","targetHints":{"allow":["GET"]}}],"collection":[{"href":"https:\/\/diarioregionaldigital.com.br\/index.php?rest_route=\/wp\/v2\/posts"}],"about":[{"href":"https:\/\/diarioregionaldigital.com.br\/index.php?rest_route=\/wp\/v2\/types\/post"}],"author":[{"embeddable":true,"href":"https:\/\/diarioregionaldigital.com.br\/index.php?rest_route=\/wp\/v2\/users\/96"}],"replies":[{"embeddable":true,"href":"https:\/\/diarioregionaldigital.com.br\/index.php?rest_route=%2Fwp%2Fv2%2Fcomments&post=166666"}],"version-history":[{"count":0,"href":"https:\/\/diarioregionaldigital.com.br\/index.php?rest_route=\/wp\/v2\/posts\/166666\/revisions"}],"wp:featuredmedia":[{"embeddable":true,"href":"https:\/\/diarioregionaldigital.com.br\/index.php?rest_route=\/wp\/v2\/media\/166667"}],"wp:attachment":[{"href":"https:\/\/diarioregionaldigital.com.br\/index.php?rest_route=%2Fwp%2Fv2%2Fmedia&parent=166666"}],"wp:term":[{"taxonomy":"category","embeddable":true,"href":"https:\/\/diarioregionaldigital.com.br\/index.php?rest_route=%2Fwp%2Fv2%2Fcategories&post=166666"},{"taxonomy":"post_tag","embeddable":true,"href":"https:\/\/diarioregionaldigital.com.br\/index.php?rest_route=%2Fwp%2Fv2%2Ftags&post=166666"}],"curies":[{"name":"wp","href":"https:\/\/api.w.org\/{rel}","templated":true}]}}