{"id":166660,"date":"2020-08-12T17:20:16","date_gmt":"2020-08-12T20:20:16","guid":{"rendered":"https:\/\/diarioregionaldigital.com.br\/?p=166660"},"modified":"2020-08-12T17:20:16","modified_gmt":"2020-08-12T20:20:16","slug":"ses-mg-explica-dados-do-boletim-epidemiologico-da-covid-19","status":"publish","type":"post","link":"https:\/\/diarioregionaldigital.com.br\/?p=166660","title":{"rendered":"SES-MG explica dados do boletim epidemiol\u00f3gico da covid-19"},"content":{"rendered":"<p>Divulgado pela\u00a0Secretaria de Estado de Sa\u00fade de Minas Gerais (SES-MG)\u00a0desde mar\u00e7o, o boletim epidemiol\u00f3gico da covid-19 traz, diariamente, a atualiza\u00e7\u00e3o dos n\u00fameros da doen\u00e7a no estado. Em coletiva virtual nesta quarta-feira (12\/8), o\u00a0secret\u00e1rio\u00a0de\u00a0Estado de Sa\u00fade, Carlos\u00a0Eduardo\u00a0Amaral, destacou o papel cumprido pelo informe, destrinchando\u00a0o c\u00e1lculo relativo aos\u00a0\u00f3bitos, e\u00a0ressaltando\u00a0outras fontes de informa\u00e7\u00e3o disponibilizadas pela SES-MG para avalia\u00e7\u00e3o do cen\u00e1rio mais real poss\u00edvel da pandemia.<\/p>\n<p>\u201cO boletim epidemiol\u00f3gico, al\u00e9m de ser uma consolida\u00e7\u00e3o de todos os esfor\u00e7os que fazemos para obter as informa\u00e7\u00f5es e monitorar o que acontece em Minas Gerais, tamb\u00e9m cumpre o papel de possibilitar \u00e0 sociedade o f\u00e1cil acesso \u00e0s informa\u00e7\u00f5es da epidemia no estado\u201d, afirmou o secret\u00e1rio.<\/p>\n<p>Amaral tamb\u00e9m explicou a necessidade de se ter\u00a0aten\u00e7\u00e3o especial\u00a0quanto \u00e0 avalia\u00e7\u00e3o dos dados apresentados pelo informe, considerando-se as poss\u00edveis varia\u00e7\u00f5es\u00a0naturais em contextos de sa\u00fade, a depender\u00a0de\u00a0an\u00e1lises complementares.<\/p>\n<p>\u201c\u00c9 importante considerar que\u00a0sa\u00fade\u00a0\u00e9\u00a0biologia\u00a0e,\u00a0portanto,\u00a0apresenta suas varia\u00e7\u00f5es. Por isso, recomendo ao cidad\u00e3o que deseja acompanhar os dados da covid-19 a atentar para as demais informa\u00e7\u00f5es divulgadas n\u00e3o s\u00f3\u00a0no\u00a0site\u00a0da SES, mas tamb\u00e9m em nossas redes oficiais, como\u00a0Facebook,\u00a0Instagram\u00a0e\u00a0Twitter. Ali tamb\u00e9m trazemos frequentemente informa\u00e7\u00f5es que complementam o boletim e auxiliam em sua interpreta\u00e7\u00e3o correta\u201d, explicou\u00a0o secret\u00e1rio.<\/p>\n<p><strong>Registro\u00a0de \u00f3bitos<\/strong><\/p>\n<p>Uma das informa\u00e7\u00f5es\u00a0do Boletim Epidemiol\u00f3gico\u00a0que t\u00eam sido complementadas s\u00e3o os dados relativos a \u00f3bitos.\u00a0Na \u00faltimas 24 horas, a SES-MG registrou 170\u00a0\u00f3bitos por covid-19 no estado\u00a0\u2014\u00a0o que n\u00e3o significa que todas as mortes aconteceram no mesmo dia. Ao contr\u00e1rio, com rela\u00e7\u00e3o a esse n\u00famero, o secret\u00e1rio de\u00a0Sa\u00fade\u00a0voltou a destacar a diferen\u00e7a entre a data de ocorr\u00eancia do \u00f3bito e a data de sua confirma\u00e7\u00e3o\u00a0por parte da Secretaria.<\/p>\n<p>\u201c\u00c9 preciso estar atento a essa diferen\u00e7a para que possamos fazer avalia\u00e7\u00f5es corretas. Como \u00e9 poss\u00edvel observar no gr\u00e1fico (abaixo), o n\u00famero de \u00f3bitos \u00e9 espa\u00e7ado ao longo de dias anteriores. N\u00f3s temos, por exemplo, caso de \u00f3bito confirmado hoje, mas que ocorreu no dia 20 de junho\u201d, detalhou o secret\u00e1rio.<\/p>\n<p><img decoding=\"async\" src=\"http:\/\/www.agenciaminas.mg.gov.br\/ckeditor_assets\/pictures\/9071\/content_grafico_12_8.jpeg\" \/><\/p>\n<p><main class=\"clear margin-md-bottom-3\"><\/p>\n<div class=\"clear \">\n<p>Devido a essa diferen\u00e7a essencial para compreens\u00e3o do cen\u00e1rio da pandemia no estado, durante as coletivas de imprensa di\u00e1rias\u00a0ser\u00e3o apresentados\u00a0os gr\u00e1ficos\u00a0com o levantamento do n\u00famero de confirma\u00e7\u00e3o de \u00f3bitos dos dias anteriores e do n\u00famero acumulado de \u00f3bitos,\u00a0referente ao dia presente. O\u00a0objetivo \u00e9\u00a0garantir ainda mais transpar\u00eancia das informa\u00e7\u00f5es e detalhamento dos dados.<\/p>\n<p><strong>Di\u00e1logo<\/strong><\/p>\n<p>O\u00a0secret\u00e1rio adjunto de Sa\u00fade Marcelo\u00a0Cabral destacou algumas caracter\u00edsticas da nova vers\u00e3o do\u00a0Plano Minas Consciente, como as\u00a0possibilidades trazidas pela reformula\u00e7\u00e3o das ondas. \u201cO di\u00e1logo aberto,\u00a0a partir da consulta p\u00fablica, e que\u00a0tem\u00a0sido\u00a0uma t\u00f4nica do\u00a0Governo de\u00a0Minas\u00a0e\u00a0da\u00a0SES-MG, trouxe muitas\u00a0contribui\u00e7\u00f5es para o plano. A reformula\u00e7\u00e3o das ondas e a possibilidade de incluir de maneira mais clara algumas atividades econ\u00f4micas permite uma retomada mais significativa, mas sempre de maneira respons\u00e1vel e gradual\u201d, pontuou.<\/p>\n<p>\u201cLembramos que o Minas Consciente foi elaborado buscando englobar o m\u00e1ximo de demandas da sociedade e, naturalmente, buscando a seguran\u00e7a sanit\u00e1ria. O objetivo maior \u00e9 que os n\u00fameros da epidemia fiquem equilibrados e que as atividades econ\u00f4micas se mantenham\u201d,\u00a0completou\u00a0o secret\u00e1rio Carlos Eduardo Amaral.<\/p>\n<p><strong>Fonte:\u00a0<\/strong>Ag\u00eancia Minas<\/p>\n<\/div>\n<p><\/main><\/p>\n","protected":false},"excerpt":{"rendered":"<p>Divulgado pela\u00a0Secretaria de Estado de Sa\u00fade de Minas Gerais (SES-MG)\u00a0desde mar\u00e7o, o boletim epidemiol\u00f3gico da covid-19 traz, diariamente, a atualiza\u00e7\u00e3o dos n\u00fameros da doen\u00e7a no estado. Em coletiva virtual nesta quarta-feira (12\/8), o\u00a0secret\u00e1rio\u00a0de\u00a0Estado de Sa\u00fade, Carlos\u00a0Eduardo\u00a0Amaral, destacou o papel cumprido pelo informe, destrinchando\u00a0o c\u00e1lculo relativo aos\u00a0\u00f3bitos, e\u00a0ressaltando\u00a0outras fontes de informa\u00e7\u00e3o disponibilizadas pela SES-MG para avalia\u00e7\u00e3o [&hellip;]<\/p>\n","protected":false},"author":96,"featured_media":166661,"comment_status":"closed","ping_status":"closed","sticky":false,"template":"","format":"standard","meta":{"footnotes":""},"categories":[436,252,439],"tags":[],"class_list":["post-166660","post","type-post","status-publish","format-standard","has-post-thumbnail","hentry","category-destaque-da-semana","category-regiao","category-ultima-hora"],"_links":{"self":[{"href":"https:\/\/diarioregionaldigital.com.br\/index.php?rest_route=\/wp\/v2\/posts\/166660","targetHints":{"allow":["GET"]}}],"collection":[{"href":"https:\/\/diarioregionaldigital.com.br\/index.php?rest_route=\/wp\/v2\/posts"}],"about":[{"href":"https:\/\/diarioregionaldigital.com.br\/index.php?rest_route=\/wp\/v2\/types\/post"}],"author":[{"embeddable":true,"href":"https:\/\/diarioregionaldigital.com.br\/index.php?rest_route=\/wp\/v2\/users\/96"}],"replies":[{"embeddable":true,"href":"https:\/\/diarioregionaldigital.com.br\/index.php?rest_route=%2Fwp%2Fv2%2Fcomments&post=166660"}],"version-history":[{"count":0,"href":"https:\/\/diarioregionaldigital.com.br\/index.php?rest_route=\/wp\/v2\/posts\/166660\/revisions"}],"wp:featuredmedia":[{"embeddable":true,"href":"https:\/\/diarioregionaldigital.com.br\/index.php?rest_route=\/wp\/v2\/media\/166661"}],"wp:attachment":[{"href":"https:\/\/diarioregionaldigital.com.br\/index.php?rest_route=%2Fwp%2Fv2%2Fmedia&parent=166660"}],"wp:term":[{"taxonomy":"category","embeddable":true,"href":"https:\/\/diarioregionaldigital.com.br\/index.php?rest_route=%2Fwp%2Fv2%2Fcategories&post=166660"},{"taxonomy":"post_tag","embeddable":true,"href":"https:\/\/diarioregionaldigital.com.br\/index.php?rest_route=%2Fwp%2Fv2%2Ftags&post=166660"}],"curies":[{"name":"wp","href":"https:\/\/api.w.org\/{rel}","templated":true}]}}