{"id":166657,"date":"2020-08-12T17:17:23","date_gmt":"2020-08-12T20:17:23","guid":{"rendered":"https:\/\/diarioregionaldigital.com.br\/?p=166657"},"modified":"2020-08-12T17:17:23","modified_gmt":"2020-08-12T20:17:23","slug":"proprietarios-de-veiculos-registrados-em-minas-ja-podem-imprimir-o-crlv-em-casa","status":"publish","type":"post","link":"https:\/\/diarioregionaldigital.com.br\/?p=166657","title":{"rendered":"Propriet\u00e1rios de ve\u00edculos registrados em Minas j\u00e1 podem imprimir o CRLV em casa"},"content":{"rendered":"<p>Os propriet\u00e1rios de ve\u00edculos registrados em Minas Gerais agora podem imprimir o Certificado de Registro e Licenciamento de Ve\u00edculo (CRLV) em casa. A novidade ser\u00e1 disponibilizada pela\u00a0Pol\u00edcia Civil de Minas Gerais (PCMG) a partir desta quarta-feira (12), no site do Departamento de Tr\u00e2nsito de Minas Gerais (Detran-MG).<\/p>\n<p>Para acessar e imprimir o CRLV, o propriet\u00e1rio precisa ter quitado os d\u00e9bitos do Imposto de Propriedade de Ve\u00edculo Automotor (IPVA), do seguro obrigat\u00f3rio, da Taxa de Renova\u00e7\u00e3o do Licenciamento Anual do Ve\u00edculo (TRLAV) e eventuais multas. O ve\u00edculo tamb\u00e9m n\u00e3o pode ter restri\u00e7\u00f5es judiciais ou administrativas que impe\u00e7am a emiss\u00e3o do documento.<\/p>\n<p>O modelo impresso em papel, no formato A4, ter\u00e1 a mesma validade jur\u00eddica do CRLV digital (CRLV-e), dispon\u00edvel desde o ano passado no aplicativo Carteira Digital de Tr\u00e2nsito (CDT). A confer\u00eancia de autenticidade do documento ser\u00e1 realizada pelas autoridades por meio da leitura do QR-Code, com o aplicativo Vio, mesmo sem acesso a internet.<\/p>\n<p>De acordo com o Diretor do Detran-MG, Kleyverson Rezende, a partir do pr\u00f3ximo ano, a impress\u00e3o do CRLV em papel moeda ser\u00e1 descontinuada em todo o pa\u00eds. \u201cA possibilidade de imprimir o documento em papel comum ou utilizar a vers\u00e3o digital acarreta em menos burocracia e promove celeridade e comodidade para os cidad\u00e3os\u201d, afirma.<\/p>\n<p><strong>Como imprimir\u00a0<\/strong><\/p>\n<p>A impress\u00e3o do CRLV pode ser feita diretamente no site\u00a0www.detran.mg.gov.br, na aba ve\u00edculos. Para acessar o documento, basta informar a placa, o n\u00famero do Certificado de Registro do Ve\u00edculo (CRV), o Renavam e, por fim, o CPF ou CNPJ. A impress\u00e3o deve ser de boa qualidade, em papel sulfite branco e no formato A4, com tinta preta, em p\u00e1gina \u00fanica, possibilitando a leitura do QR-Code.<\/p>\n<p>O documento pode ser impresso a qualquer momento e quantas vezes forem necess\u00e1rias.\u00a0O servi\u00e7o tamb\u00e9m est\u00e1 dispon\u00edvel no portal do Departamento Nacional de Tr\u00e2nsito (Denatran) ou por meio do aplicativo CTD, para aparelhos com sistema Android e\u00a0iOS.<\/p>\n<p><strong>Aulas te\u00f3ricas on-line<\/strong><\/p>\n<p>Em breve, candidatos a Carteira Nacional de Habilita\u00e7\u00e3o (CNH) poder\u00e3o optar pelo curso t\u00e9cnico-te\u00f3rico na modalidade de ensino remoto, durante a emerg\u00eancia de Sa\u00fade p\u00fablica decorrente da pandemia de covid-19. A medida adotada pela\u00a0PCMG\u00a0visa garantir a continuidade do servi\u00e7o e minimizar os impactos negativos na aprendizagem de candidatos e na atividade dos Centros de Forma\u00e7\u00e3o de Condutores (CFC) mineiros durante esse per\u00edodo.<\/p>\n<p>A disponibiliza\u00e7\u00e3o do curso on-line \u00e9 facultada aos CFCs e depende do interesse do aluno em processo de habilita\u00e7\u00e3o. Para garantir a seguran\u00e7a na forma\u00e7\u00e3o de condutores, bem como o acompanhamento e controle das atividades, os CFCs que optarem por oferecer a modalidade remota, al\u00e9m da presencial, devem utilizar plataformas homologadas pelo\u00a0Detran-MG.<\/p>\n<p>O conte\u00fado program\u00e1tico, a carga hor\u00e1ria e a dura\u00e7\u00e3o das aulas t\u00e9cnico-te\u00f3ricas seguir\u00e3o os mesmos crit\u00e9rios estabelecidos para as aulas presenciais. Os sistemas utilizados pelos CFCs devem permitir a valida\u00e7\u00e3o biom\u00e9trica facial do instrutor e dos candidatos, na abertura e no t\u00e9rmino da aula.<\/p>\n<p>De acordo com o delegado Kleyverson Rezende, as plataformas eletr\u00f4nicas devem ter tecnologia de detec\u00e7\u00e3o para garantir que o candidato esteja assistindo \u00e0 aula, impedindo artif\u00edcios como fotos e v\u00eddeos, que poderiam ser utilizados para burlar a frequ\u00eancia no curso.\u00a0\u00a0\u201cO projeto contempla a exig\u00eancia de que instrutor e alunos, no in\u00edcio e no final de cada aula, tenham as suas faces reconhecidas ap\u00f3s valida\u00e7\u00e3o biom\u00e9trica, que leva em considera\u00e7\u00e3o as imagens cadastradas no banco de dados do Detran-MG. Durante as aulas, ser\u00e3o capturadas fotografias aleat\u00f3rias, que garantir\u00e3o a perman\u00eancia dos alunos na sala virtual\u201d, explica.<\/p>\n<p><strong>Fonte:\u00a0<\/strong>Ag\u00eancia Minas<\/p>\n","protected":false},"excerpt":{"rendered":"<p>Os propriet\u00e1rios de ve\u00edculos registrados em Minas Gerais agora podem imprimir o Certificado de Registro e Licenciamento de Ve\u00edculo (CRLV) em casa. A novidade ser\u00e1 disponibilizada pela\u00a0Pol\u00edcia Civil de Minas Gerais (PCMG) a partir desta quarta-feira (12), no site do Departamento de Tr\u00e2nsito de Minas Gerais (Detran-MG). Para acessar e imprimir o CRLV, o propriet\u00e1rio [&hellip;]<\/p>\n","protected":false},"author":96,"featured_media":166658,"comment_status":"closed","ping_status":"closed","sticky":false,"template":"","format":"standard","meta":{"footnotes":""},"categories":[436,252,439],"tags":[],"class_list":["post-166657","post","type-post","status-publish","format-standard","has-post-thumbnail","hentry","category-destaque-da-semana","category-regiao","category-ultima-hora"],"_links":{"self":[{"href":"https:\/\/diarioregionaldigital.com.br\/index.php?rest_route=\/wp\/v2\/posts\/166657","targetHints":{"allow":["GET"]}}],"collection":[{"href":"https:\/\/diarioregionaldigital.com.br\/index.php?rest_route=\/wp\/v2\/posts"}],"about":[{"href":"https:\/\/diarioregionaldigital.com.br\/index.php?rest_route=\/wp\/v2\/types\/post"}],"author":[{"embeddable":true,"href":"https:\/\/diarioregionaldigital.com.br\/index.php?rest_route=\/wp\/v2\/users\/96"}],"replies":[{"embeddable":true,"href":"https:\/\/diarioregionaldigital.com.br\/index.php?rest_route=%2Fwp%2Fv2%2Fcomments&post=166657"}],"version-history":[{"count":0,"href":"https:\/\/diarioregionaldigital.com.br\/index.php?rest_route=\/wp\/v2\/posts\/166657\/revisions"}],"wp:featuredmedia":[{"embeddable":true,"href":"https:\/\/diarioregionaldigital.com.br\/index.php?rest_route=\/wp\/v2\/media\/166658"}],"wp:attachment":[{"href":"https:\/\/diarioregionaldigital.com.br\/index.php?rest_route=%2Fwp%2Fv2%2Fmedia&parent=166657"}],"wp:term":[{"taxonomy":"category","embeddable":true,"href":"https:\/\/diarioregionaldigital.com.br\/index.php?rest_route=%2Fwp%2Fv2%2Fcategories&post=166657"},{"taxonomy":"post_tag","embeddable":true,"href":"https:\/\/diarioregionaldigital.com.br\/index.php?rest_route=%2Fwp%2Fv2%2Ftags&post=166657"}],"curies":[{"name":"wp","href":"https:\/\/api.w.org\/{rel}","templated":true}]}}