{"id":166653,"date":"2020-08-12T17:12:06","date_gmt":"2020-08-12T20:12:06","guid":{"rendered":"https:\/\/diarioregionaldigital.com.br\/?p=166653"},"modified":"2020-08-12T17:12:06","modified_gmt":"2020-08-12T20:12:06","slug":"antonio-almas-diz-que-nao-ira-se-candidatar-nas-eleicoes-municipais-2020","status":"publish","type":"post","link":"https:\/\/diarioregionaldigital.com.br\/?p=166653","title":{"rendered":"Ant\u00f4nio Almas diz que n\u00e3o ir\u00e1 se candidatar nas elei\u00e7\u00f5es municipais 2020"},"content":{"rendered":"<p><span style=\"font-weight: 400;\">Durante uma entrevista coletiva realizada nesta quarta-feira (12), o prefeito de Juiz de Fora, Ant\u00f4nio Almas (PSDB), anunciou que n\u00e3o ir\u00e1 participar das elei\u00e7\u00f5es municipais de 2020. Em um determinado momento, o atual mandat\u00e1rio disse que \u201cdevia uma satisfa\u00e7\u00e3o\u201d para a popula\u00e7\u00e3o de Juiz de Fora:<\/span><\/p>\n<p><span style=\"font-weight: 400;\">\u201cQuero fazer uma comunica\u00e7\u00e3o a toda cidade de Juiz de Fora. Acho que devo essa satisfa\u00e7\u00e3o \u00e0 cidade que, h\u00e1 quatro anos, nos trouxe a assumir a Prefeitura de Juiz de Fora. H\u00e1 dois anos e quatro meses, o prefeito Bruno renunciava, e eu assumia neste momento t\u00e3o dif\u00edcil da hist\u00f3ria de Juiz de Fora. Assim quis o destino. Preciso externar \u00e0 cidade qual a minha decis\u00e3o enquanto coordenador da equipe que comanda a Prefeitura. Quero comunicar a todos que o prefeito Ant\u00f4nio Almas n\u00e3o disputar\u00e1 as elei\u00e7\u00f5es.\u201d<\/span><\/p>\n<p><span style=\"font-weight: 400;\">Dentre as raz\u00f5es que o motivaram a tomar tal decis\u00e3o, o atual mandat\u00e1rio diz que tem recebido ataques constantes nas redes sociais e afirma que o combate \u00e0 pandemia do Coronav\u00edrus n\u00e3o influenciou em sua decis\u00e3o:<\/span><\/p>\n<p><span style=\"font-weight: 400;\">\u201cN\u00e3o tenho dificuldade de enfrentar os problemas. A pandemia n\u00e3o foi o problema. Estou enfrentando, n\u00e3o tenho nenhuma dificuldade com isso. Uma das coisas que me levaram a essa reflex\u00e3o foram meus familiares e amigos que me ligavam e me pediam para sair. Hoje n\u00f3s, que somos agentes pol\u00edticos, somos jogados em uma vala comum com um desrespeito intenso&#8221;.<\/span><\/p>\n<p><span style=\"font-weight: 400;\">Al\u00e9m disso, Ant\u00f4nio Almas diz que seu atual partido no qual \u00e9 integrado, Partido da Social Democracia Brasileira (PSDB), estuda poss\u00edveis nomes a serem candidatos nas elei\u00e7\u00f5es deste ano. Inclusive, ele diz que os \u00faltimos dois anos foram &#8220;o pior momento da hist\u00f3ria da cidade&#8221;, citando a crise econ\u00f4mica no pa\u00eds e no munic\u00edpio, bem como o combate ao Coronav\u00edrus.<\/span><\/p>\n<p><span style=\"font-weight: 400;\">O prefeito diz que manter\u00e1 seu compromisso com Juiz de Fora at\u00e9 o final de seu mandato, no dia 31 de dezembro deste ano, bem como no combate \u00e0 pandemia.<\/span><\/p>\n<p><b>Hist\u00f3rico na pol\u00edtica<\/b><\/p>\n<p><span style=\"font-weight: 400;\">Ant\u00f4nio Almas foi eleito vereador de Juiz de Fora em 1992 e ficou no posto durante dois mandatos consecutivos. Anos depois, dirigiu a Policl\u00ednica de Benfica de janeiro 2001 a mar\u00e7o de 2004 e de janeiro a setembro de 2009, quando promoveu reforma da unidade e implanta\u00e7\u00e3o do Pronto Atendimento Infantil.<\/span><\/p>\n<p><span style=\"font-weight: 400;\">Foi eleito vice-prefeito na chapa composta por Bruno Siqueira (PMDB) em 2016. Ant\u00f4nio Almas assumiu como prefeito em 2018, ap\u00f3s Bruno renunciar seu mandato e se candidatar para tentar uma cadeira na Assembleia Legislativa de Minas Gerais (ALMG), entretanto n\u00e3o obteve votos suficientes.<\/span><\/p>\n","protected":false},"excerpt":{"rendered":"<p>Durante uma entrevista coletiva realizada nesta quarta-feira (12), o prefeito de Juiz de Fora, Ant\u00f4nio Almas (PSDB), anunciou que n\u00e3o ir\u00e1 participar das elei\u00e7\u00f5es municipais de 2020. Em um determinado momento, o atual mandat\u00e1rio disse que \u201cdevia uma satisfa\u00e7\u00e3o\u201d para a popula\u00e7\u00e3o de Juiz de Fora: \u201cQuero fazer uma comunica\u00e7\u00e3o a toda cidade de Juiz [&hellip;]<\/p>\n","protected":false},"author":96,"featured_media":166654,"comment_status":"closed","ping_status":"closed","sticky":false,"template":"","format":"standard","meta":{"footnotes":""},"categories":[436,440,254,439],"tags":[],"class_list":["post-166653","post","type-post","status-publish","format-standard","has-post-thumbnail","hentry","category-destaque-da-semana","category-destaques-do-dia","category-politica","category-ultima-hora"],"_links":{"self":[{"href":"https:\/\/diarioregionaldigital.com.br\/index.php?rest_route=\/wp\/v2\/posts\/166653","targetHints":{"allow":["GET"]}}],"collection":[{"href":"https:\/\/diarioregionaldigital.com.br\/index.php?rest_route=\/wp\/v2\/posts"}],"about":[{"href":"https:\/\/diarioregionaldigital.com.br\/index.php?rest_route=\/wp\/v2\/types\/post"}],"author":[{"embeddable":true,"href":"https:\/\/diarioregionaldigital.com.br\/index.php?rest_route=\/wp\/v2\/users\/96"}],"replies":[{"embeddable":true,"href":"https:\/\/diarioregionaldigital.com.br\/index.php?rest_route=%2Fwp%2Fv2%2Fcomments&post=166653"}],"version-history":[{"count":0,"href":"https:\/\/diarioregionaldigital.com.br\/index.php?rest_route=\/wp\/v2\/posts\/166653\/revisions"}],"wp:featuredmedia":[{"embeddable":true,"href":"https:\/\/diarioregionaldigital.com.br\/index.php?rest_route=\/wp\/v2\/media\/166654"}],"wp:attachment":[{"href":"https:\/\/diarioregionaldigital.com.br\/index.php?rest_route=%2Fwp%2Fv2%2Fmedia&parent=166653"}],"wp:term":[{"taxonomy":"category","embeddable":true,"href":"https:\/\/diarioregionaldigital.com.br\/index.php?rest_route=%2Fwp%2Fv2%2Fcategories&post=166653"},{"taxonomy":"post_tag","embeddable":true,"href":"https:\/\/diarioregionaldigital.com.br\/index.php?rest_route=%2Fwp%2Fv2%2Ftags&post=166653"}],"curies":[{"name":"wp","href":"https:\/\/api.w.org\/{rel}","templated":true}]}}