{"id":166564,"date":"2020-08-11T19:04:43","date_gmt":"2020-08-11T22:04:43","guid":{"rendered":"https:\/\/diarioregionaldigital.com.br\/?p=166564"},"modified":"2020-08-11T19:04:43","modified_gmt":"2020-08-11T22:04:43","slug":"mais-de-250-comerciantes-participam-de-passeata-pela-abertura-de-bares-e-restaurantes","status":"publish","type":"post","link":"https:\/\/diarioregionaldigital.com.br\/?p=166564","title":{"rendered":"Mais de 250 comerciantes participam de passeata pela abertura de bares e restaurantes"},"content":{"rendered":"<p>Durante a tarde dessa ter\u00e7a-feira (11), mais de 250 comerciantes, participaram de uma passeata, reivindicando a reabertura de bares e restaurantes de Juiz de Fora. Os manifestantes pedem ao prefeito Ant\u00f4nio Almas (PSDB), para que os estabelecimentos funcionem de forma consciente, seguindo as medidas de preven\u00e7\u00e3o ao novo Coronav\u00edrus.<\/p>\n<p>Os comerciantes enviaram um documento \u00e0 Prefeitura, explicitando todas as alega\u00e7\u00f5es e o pedido j\u00e1 foi protocolado. No manifesto, os manifestantes dizem que os bares e restaurantes foram impedidos de abrirem normalmente, a partir do momento em que a Administra\u00e7\u00e3o Municipal seguiu a orienta\u00e7\u00e3o do Estado de Minas Gerais e avan\u00e7ou para onda amarela.<\/p>\n<p>Al\u00e9m disso, o prefeito Ant\u00f4nio Almas se re\u00fane com o Comit\u00ea de Enfrentamento ao Coronav\u00edrus, na noite dessa ter\u00e7a-feira e um dos temas foi a quest\u00e3o dos bares e restaurantes.<\/p>\n<p><strong>A passeata<\/strong><\/p>\n<p><strong>\u00a0<\/strong>Os manifestantes iniciaram a carreata por volta das 15h, no Bairro Cruzeiro do Sul (Regi\u00e3o Sul) e ap\u00f3s uma hora, se locomoveram em dire\u00e7\u00e3o ao pr\u00e9dio da Prefeitura de Juiz de Fora (PJF). Ao chegarem no local, ocuparam duas faixas da pista na Avenida Brasil. Como forma de protesto, alguns bateram panelas, enquanto outros buzinaram de dentro dos ve\u00edculos.<\/p>\n","protected":false},"excerpt":{"rendered":"<p>Durante a tarde dessa ter\u00e7a-feira (11), mais de 250 comerciantes, participaram de uma passeata, reivindicando a reabertura de bares e restaurantes de Juiz de Fora. Os manifestantes pedem ao prefeito Ant\u00f4nio Almas (PSDB), para que os estabelecimentos funcionem de forma consciente, seguindo as medidas de preven\u00e7\u00e3o ao novo Coronav\u00edrus. Os comerciantes enviaram um documento \u00e0 [&hellip;]<\/p>\n","protected":false},"author":96,"featured_media":166565,"comment_status":"closed","ping_status":"closed","sticky":false,"template":"","format":"standard","meta":{"footnotes":""},"categories":[253,436,439],"tags":[],"class_list":["post-166564","post","type-post","status-publish","format-standard","has-post-thumbnail","hentry","category-cidade","category-destaque-da-semana","category-ultima-hora"],"_links":{"self":[{"href":"https:\/\/diarioregionaldigital.com.br\/index.php?rest_route=\/wp\/v2\/posts\/166564","targetHints":{"allow":["GET"]}}],"collection":[{"href":"https:\/\/diarioregionaldigital.com.br\/index.php?rest_route=\/wp\/v2\/posts"}],"about":[{"href":"https:\/\/diarioregionaldigital.com.br\/index.php?rest_route=\/wp\/v2\/types\/post"}],"author":[{"embeddable":true,"href":"https:\/\/diarioregionaldigital.com.br\/index.php?rest_route=\/wp\/v2\/users\/96"}],"replies":[{"embeddable":true,"href":"https:\/\/diarioregionaldigital.com.br\/index.php?rest_route=%2Fwp%2Fv2%2Fcomments&post=166564"}],"version-history":[{"count":0,"href":"https:\/\/diarioregionaldigital.com.br\/index.php?rest_route=\/wp\/v2\/posts\/166564\/revisions"}],"wp:featuredmedia":[{"embeddable":true,"href":"https:\/\/diarioregionaldigital.com.br\/index.php?rest_route=\/wp\/v2\/media\/166565"}],"wp:attachment":[{"href":"https:\/\/diarioregionaldigital.com.br\/index.php?rest_route=%2Fwp%2Fv2%2Fmedia&parent=166564"}],"wp:term":[{"taxonomy":"category","embeddable":true,"href":"https:\/\/diarioregionaldigital.com.br\/index.php?rest_route=%2Fwp%2Fv2%2Fcategories&post=166564"},{"taxonomy":"post_tag","embeddable":true,"href":"https:\/\/diarioregionaldigital.com.br\/index.php?rest_route=%2Fwp%2Fv2%2Ftags&post=166564"}],"curies":[{"name":"wp","href":"https:\/\/api.w.org\/{rel}","templated":true}]}}