{"id":166527,"date":"2020-08-11T13:13:51","date_gmt":"2020-08-11T16:13:51","guid":{"rendered":"https:\/\/diarioregionaldigital.com.br\/?p=166527"},"modified":"2020-08-11T13:13:51","modified_gmt":"2020-08-11T16:13:51","slug":"pcmg-prende-suspeito-de-envolvimento-em-homicidio-em-dona-euzebia","status":"publish","type":"post","link":"https:\/\/diarioregionaldigital.com.br\/?p=166527","title":{"rendered":"PCMG prende suspeito de envolvimento em homic\u00eddio em Dona Euz\u00e9bia"},"content":{"rendered":"<p><span style=\"font-weight: 400;\">Na segunda-feira (10), a Pol\u00edcia Civil de Minas Gerais prendeu, no munic\u00edpio de Dona Eus\u00e9bia, um jovem de 20 anos, suspeito de envolvimento em um homic\u00eddio consumado, ocorrido na mesma cidade, no dia 13 de junho.<\/span><\/p>\n<p><span style=\"font-weight: 400;\">De acordo com informa\u00e7\u00f5es do Delegado Marcelo Manna, na noite dos fatos, \u201ca v\u00edtima teria se deslocado at\u00e9 uma \u2018boca de fumo\u2019 com a inten\u00e7\u00e3o de comprar entorpecentes, por\u00e9m, foi surpreendida com disparos de arma de fogo\u201d.<\/span><\/p>\n<p><span style=\"font-weight: 400;\">Investiga\u00e7\u00f5es apontam que a a\u00e7\u00e3o inesperada teria como motivo uma retalia\u00e7\u00e3o. \u201cPorque a v\u00edtima, em outra ocasi\u00e3o, teria subtra\u00eddo drogas do suspeito\u201d, explicou complementando que as investiga\u00e7\u00f5es prosseguem visando obter mais informa\u00e7\u00f5es acerca da motiva\u00e7\u00e3o do crime e do envolvimento do investigado no homic\u00eddio.<\/span><\/p>\n<p><strong>Fonte:\u00a0<\/strong>Assessoria<\/p>\n","protected":false},"excerpt":{"rendered":"<p>Na segunda-feira (10), a Pol\u00edcia Civil de Minas Gerais prendeu, no munic\u00edpio de Dona Eus\u00e9bia, um jovem de 20 anos, suspeito de envolvimento em um homic\u00eddio consumado, ocorrido na mesma cidade, no dia 13 de junho. De acordo com informa\u00e7\u00f5es do Delegado Marcelo Manna, na noite dos fatos, \u201ca v\u00edtima teria se deslocado at\u00e9 uma [&hellip;]<\/p>\n","protected":false},"author":96,"featured_media":165308,"comment_status":"closed","ping_status":"closed","sticky":false,"template":"","format":"standard","meta":{"footnotes":""},"categories":[301,436,439],"tags":[],"class_list":["post-166527","post","type-post","status-publish","format-standard","has-post-thumbnail","hentry","category-artigos-policiais","category-destaque-da-semana","category-ultima-hora"],"_links":{"self":[{"href":"https:\/\/diarioregionaldigital.com.br\/index.php?rest_route=\/wp\/v2\/posts\/166527","targetHints":{"allow":["GET"]}}],"collection":[{"href":"https:\/\/diarioregionaldigital.com.br\/index.php?rest_route=\/wp\/v2\/posts"}],"about":[{"href":"https:\/\/diarioregionaldigital.com.br\/index.php?rest_route=\/wp\/v2\/types\/post"}],"author":[{"embeddable":true,"href":"https:\/\/diarioregionaldigital.com.br\/index.php?rest_route=\/wp\/v2\/users\/96"}],"replies":[{"embeddable":true,"href":"https:\/\/diarioregionaldigital.com.br\/index.php?rest_route=%2Fwp%2Fv2%2Fcomments&post=166527"}],"version-history":[{"count":0,"href":"https:\/\/diarioregionaldigital.com.br\/index.php?rest_route=\/wp\/v2\/posts\/166527\/revisions"}],"wp:featuredmedia":[{"embeddable":true,"href":"https:\/\/diarioregionaldigital.com.br\/index.php?rest_route=\/wp\/v2\/media\/165308"}],"wp:attachment":[{"href":"https:\/\/diarioregionaldigital.com.br\/index.php?rest_route=%2Fwp%2Fv2%2Fmedia&parent=166527"}],"wp:term":[{"taxonomy":"category","embeddable":true,"href":"https:\/\/diarioregionaldigital.com.br\/index.php?rest_route=%2Fwp%2Fv2%2Fcategories&post=166527"},{"taxonomy":"post_tag","embeddable":true,"href":"https:\/\/diarioregionaldigital.com.br\/index.php?rest_route=%2Fwp%2Fv2%2Ftags&post=166527"}],"curies":[{"name":"wp","href":"https:\/\/api.w.org\/{rel}","templated":true}]}}