{"id":166525,"date":"2020-08-11T12:11:07","date_gmt":"2020-08-11T15:11:07","guid":{"rendered":"https:\/\/diarioregionaldigital.com.br\/?p=166525"},"modified":"2020-08-11T12:11:07","modified_gmt":"2020-08-11T15:11:07","slug":"homem-e-levado-ao-hospital-apos-ser-atingido-por-disparos-de-arma-de-fogo-no-bairro-bonfim","status":"publish","type":"post","link":"https:\/\/diarioregionaldigital.com.br\/?p=166525","title":{"rendered":"Homem \u00e9 levado ao hospital ap\u00f3s ser atingido por disparos de arma de fogo no Bairro Bonfim"},"content":{"rendered":"<p>Um homem de 41 anos, transitava pela Rua Ot\u00e1vio Pereira Torres, na noite de segunda-feira (10) no Bairro Bonfim (Regi\u00e3o Leste) em Juiz de Fora, quando em um determinado momento foi atingido por disparos de arma de fogo. A v\u00edtima foi socorrida inconsciente mas com vida, com ferimentos na cabe\u00e7a e nas costas. A Pol\u00edcia Militar (PM) foi acionada e localizou um dos suspeitos do crime, sendo este um jovem de 18 anos e passou por buscas pessoais, mas nada de il\u00edcito foi encontrado.<\/p>\n<p>Em conversas com os policiais, o autor diz ter conhecimento do crime e que o motivo do crime seria por conta de um furto ocorrido no \u00faltimo final de semana, e que o autor desse furto seria no caso a v\u00edtima do homic\u00eddio tentado. O crime citado teria ocorrido em uma resid\u00eancia e que o filho da propriet\u00e1ria, teve participa\u00e7\u00e3o na tentativa de homic\u00eddio, sendo que estaria na companhia de um jovem de 25 anos e teria atra\u00eddo a v\u00edtima para uma esquina. Logo em seguida, o jovem efetuou os disparos, entretanto os referidos suspeitos n\u00e3o foram localizados.<\/p>\n","protected":false},"excerpt":{"rendered":"<p>Um homem de 41 anos, transitava pela Rua Ot\u00e1vio Pereira Torres, na noite de segunda-feira (10) no Bairro Bonfim (Regi\u00e3o Leste) em Juiz de Fora, quando em um determinado momento foi atingido por disparos de arma de fogo. A v\u00edtima foi socorrida inconsciente mas com vida, com ferimentos na cabe\u00e7a e nas costas. A Pol\u00edcia [&hellip;]<\/p>\n","protected":false},"author":96,"featured_media":165308,"comment_status":"closed","ping_status":"closed","sticky":false,"template":"","format":"standard","meta":{"footnotes":""},"categories":[301,436,439],"tags":[],"class_list":["post-166525","post","type-post","status-publish","format-standard","has-post-thumbnail","hentry","category-artigos-policiais","category-destaque-da-semana","category-ultima-hora"],"_links":{"self":[{"href":"https:\/\/diarioregionaldigital.com.br\/index.php?rest_route=\/wp\/v2\/posts\/166525","targetHints":{"allow":["GET"]}}],"collection":[{"href":"https:\/\/diarioregionaldigital.com.br\/index.php?rest_route=\/wp\/v2\/posts"}],"about":[{"href":"https:\/\/diarioregionaldigital.com.br\/index.php?rest_route=\/wp\/v2\/types\/post"}],"author":[{"embeddable":true,"href":"https:\/\/diarioregionaldigital.com.br\/index.php?rest_route=\/wp\/v2\/users\/96"}],"replies":[{"embeddable":true,"href":"https:\/\/diarioregionaldigital.com.br\/index.php?rest_route=%2Fwp%2Fv2%2Fcomments&post=166525"}],"version-history":[{"count":0,"href":"https:\/\/diarioregionaldigital.com.br\/index.php?rest_route=\/wp\/v2\/posts\/166525\/revisions"}],"wp:featuredmedia":[{"embeddable":true,"href":"https:\/\/diarioregionaldigital.com.br\/index.php?rest_route=\/wp\/v2\/media\/165308"}],"wp:attachment":[{"href":"https:\/\/diarioregionaldigital.com.br\/index.php?rest_route=%2Fwp%2Fv2%2Fmedia&parent=166525"}],"wp:term":[{"taxonomy":"category","embeddable":true,"href":"https:\/\/diarioregionaldigital.com.br\/index.php?rest_route=%2Fwp%2Fv2%2Fcategories&post=166525"},{"taxonomy":"post_tag","embeddable":true,"href":"https:\/\/diarioregionaldigital.com.br\/index.php?rest_route=%2Fwp%2Fv2%2Ftags&post=166525"}],"curies":[{"name":"wp","href":"https:\/\/api.w.org\/{rel}","templated":true}]}}