{"id":166516,"date":"2020-08-11T11:19:02","date_gmt":"2020-08-11T14:19:02","guid":{"rendered":"https:\/\/diarioregionaldigital.com.br\/?p=166516"},"modified":"2020-08-11T11:19:02","modified_gmt":"2020-08-11T14:19:02","slug":"estado-vai-repassar-r-3-milhoes-para-hoteis-receberem-pessoas-vulneraveis-com-covid-19","status":"publish","type":"post","link":"https:\/\/diarioregionaldigital.com.br\/?p=166516","title":{"rendered":"Estado vai repassar R$ 3 milh\u00f5es para hot\u00e9is receberem pessoas vulner\u00e1veis com covid-19"},"content":{"rendered":"<p>A popula\u00e7\u00e3o vulner\u00e1vel de 17 munic\u00edpios mineiros, com suspeita ou confirma\u00e7\u00e3o de infec\u00e7\u00e3o pelo novo coronav\u00edrus, poder\u00e1 ter acolhimento diferenciado. O\u00a0Governo de Minas\u00a0vai repassar aproximadamente R$ 3 milh\u00f5es para que cerca de 2 mil moradores de aglomerados possam ficar isolados em hot\u00e9is de cidades estrategicamente escolhidas no estado.<\/p>\n<p>O projeto, que faz parte das a\u00e7\u00f5es de enfrentamento da covid-19, foi criado pela\u00a0Secretaria de Estado de Sa\u00fade (SES-MG), em parceria com Minist\u00e9rio P\u00fablico Estadual. A iniciativa prev\u00ea que casos suspeitos e\/ou confirmados para covid-19 na popula\u00e7\u00e3o residente em aglomerados sejam isolados nas redes hoteleiras mineiras.<\/p>\n<p>\u201cO v\u00edrus da covid-19 \u00e9 de alta transmissibilidade, principalmente, no ambiente domiciliar. Os aglomerados sociais s\u00e3o considerados fatores limitantes para o isolamento pela alta densidade demogr\u00e1fica e pelo grande n\u00famero de pessoas que moram no mesmo espa\u00e7o. Promover formas de isolamento para as popula\u00e7\u00f5es vulner\u00e1veis \u00e9 uma importante medida de Sa\u00fade p\u00fablica para controlar a dissemina\u00e7\u00e3o da doen\u00e7a\u201d, afirma a infectologista da SES-MG e uma das respons\u00e1veis pelo projeto, T\u00e2nia Marcial.<\/p>\n<p>Com a a\u00e7\u00e3o estrat\u00e9gica, explica T\u00e2nia, o Estado pretende reduzir a transmiss\u00e3o do v\u00edrus em ambientes de vulnerabilidade social, a necessidade de leitos para interna\u00e7\u00e3o, incluindo os de terapia intensiva, e os \u00f3bitos relacionados \u00e0 doen\u00e7a.<\/p>\n<p><strong>Recursos<\/strong><\/p>\n<p>O repasse aos munic\u00edpios que aderirem ao projeto ser\u00e1 feito em parcela \u00fanica, do Fundo Estadual de Sa\u00fade para o Fundo Municipal de Sa\u00fade, em conta espec\u00edfica destinada exclusivamente para este fim. S\u00e3o 17 as cidades que podem aderir \u00e0 iniciativa.\u00a0<a href=\"http:\/\/www.agenciaminas.mg.gov.br\/ckeditor_assets\/attachments\/9056\/valores_previstos_para_cada_cidade.pdf\" target=\"_blank\" rel=\"noopener noreferrer\">Clique aqui para ver a\u00a0lista e os valores destinados a cada uma<\/a>.<\/p>\n<p>Elas foram selecionadas respeitando os seguintes crit\u00e9rios: popula\u00e7\u00e3o maior ou igual a 150 mil habitantes; taxa de incid\u00eancia de casos maior ou igual a 50% da m\u00e9dia estadual; possuir sistemas de notifica\u00e7\u00e3o oficiais (Sivep Gripe e Esus-Ve) atualizados; possuir aglomerados subnormais mapeados e taxa de incid\u00eancia calculada para estas \u00e1reas; ter definidos os estabelecimentos e protocolos de funcionamento.<\/p>\n<p>Os munic\u00edpios que quiseram aderir devem sinalizar \u00e0 SES-MG sobre o interesse em participar do projeto. A expectativa \u00e9 que o valor de R$ 2.980 milh\u00f5es de repasse resulte no acolhimento de 2 mil moradores de aglomerados. Cada cidade ser\u00e1 respons\u00e1vel pela escolha dos hot\u00e9is.<\/p>\n<p><strong>Hot\u00e9is<\/strong><\/p>\n<p>Os hot\u00e9is foram os espa\u00e7os escolhidos para esse isolamento por j\u00e1 possu\u00edrem infraestrutura adequada e serem unidades com facilidade de aplica\u00e7\u00e3o de protocolos sanit\u00e1rios, segundo T\u00e2nia Marcial. Ser\u00e3o adotadas medidas para implanta\u00e7\u00e3o de cortes de isolamentos (andares ou alas com positivos, negativos e suspeitos). O protocolo recomenda que o uso de ar-condicionado e ventiladores seja evitado. Tamb\u00e9m n\u00e3o \u00e9 recomend\u00e1vel receber visitas durante a hospedagem, exceto em casos de profissionais de Sa\u00fade, que devem usar m\u00e1scara cir\u00fargica.<\/p>\n<p>Cada pessoa em isolamento vai receber um kit de higiene composto por escova e pasta de dente, pano e \u00e1lcool para limpeza de superf\u00edcie, m\u00e1scara cir\u00fargica (3 m\u00e1scaras por dia), len\u00e7o descart\u00e1vel e recipiente com \u00e1lcool gel.<\/p>\n<p><strong>H\u00f3spedes<\/strong><\/p>\n<p>O p\u00fablico alvo para a hospedagem s\u00e3o pessoas com sintomas leves, com suspeita ou confirma\u00e7\u00e3o da infec\u00e7\u00e3o pelo coronav\u00edrus, residentes de aglomerados, sem possibilidade de isolamento adequado em suas resid\u00eancias. \u201cOs casos suspeitos ser\u00e3o avaliados pela equipe da Aten\u00e7\u00e3o Prim\u00e1ria, sendo o encaminhamento realizado somente ap\u00f3s essa an\u00e1lise, notifica\u00e7\u00e3o no sistema ESUS-VE e coleta de exame\u201d, afirma a infectologista.<\/p>\n<p>Os casos sintom\u00e1ticos, suspeitos ou confirmados ser\u00e3o isolados pelo per\u00edodo m\u00ednimo de dez dias ap\u00f3s o in\u00edcio dos sintomas, estando at\u00e9 72 horas assintom\u00e1ticos. \u2028Contatos assintom\u00e1ticos com exame de PCR positivo ficar\u00e3o isolados por dez dias e com exame sorol\u00f3gico positivo por sete dias.<\/p>\n<p>Como os hot\u00e9is n\u00e3o s\u00e3o unidades de Sa\u00fade, n\u00e3o ser\u00e1 permitido o isolamento de pessoas de grupo de risco, como maiores de 60 anos, gestantes, portadores de comorbidades e menores de 18 anos.<\/p>\n<p><strong>Mobiliza\u00e7\u00e3o social<\/strong><\/p>\n<p>O projeto ser\u00e1 realizado em parceria entre os poderes p\u00fablicos municipal e estadual, com organiza\u00e7\u00f5es sociais e\/ou entidades e funda\u00e7\u00f5es, juntamente com a sociedade civil, articulada com \u00f3rg\u00e3os da Sa\u00fade.<\/p>\n<p><strong>Fonte:\u00a0<\/strong>Ag\u00eancia Minas<\/p>\n","protected":false},"excerpt":{"rendered":"<p>A popula\u00e7\u00e3o vulner\u00e1vel de 17 munic\u00edpios mineiros, com suspeita ou confirma\u00e7\u00e3o de infec\u00e7\u00e3o pelo novo coronav\u00edrus, poder\u00e1 ter acolhimento diferenciado. O\u00a0Governo de Minas\u00a0vai repassar aproximadamente R$ 3 milh\u00f5es para que cerca de 2 mil moradores de aglomerados possam ficar isolados em hot\u00e9is de cidades estrategicamente escolhidas no estado. O projeto, que faz parte das a\u00e7\u00f5es [&hellip;]<\/p>\n","protected":false},"author":96,"featured_media":166517,"comment_status":"closed","ping_status":"closed","sticky":false,"template":"","format":"standard","meta":{"footnotes":""},"categories":[436,261,439],"tags":[],"class_list":["post-166516","post","type-post","status-publish","format-standard","has-post-thumbnail","hentry","category-destaque-da-semana","category-economia","category-ultima-hora"],"_links":{"self":[{"href":"https:\/\/diarioregionaldigital.com.br\/index.php?rest_route=\/wp\/v2\/posts\/166516","targetHints":{"allow":["GET"]}}],"collection":[{"href":"https:\/\/diarioregionaldigital.com.br\/index.php?rest_route=\/wp\/v2\/posts"}],"about":[{"href":"https:\/\/diarioregionaldigital.com.br\/index.php?rest_route=\/wp\/v2\/types\/post"}],"author":[{"embeddable":true,"href":"https:\/\/diarioregionaldigital.com.br\/index.php?rest_route=\/wp\/v2\/users\/96"}],"replies":[{"embeddable":true,"href":"https:\/\/diarioregionaldigital.com.br\/index.php?rest_route=%2Fwp%2Fv2%2Fcomments&post=166516"}],"version-history":[{"count":0,"href":"https:\/\/diarioregionaldigital.com.br\/index.php?rest_route=\/wp\/v2\/posts\/166516\/revisions"}],"wp:featuredmedia":[{"embeddable":true,"href":"https:\/\/diarioregionaldigital.com.br\/index.php?rest_route=\/wp\/v2\/media\/166517"}],"wp:attachment":[{"href":"https:\/\/diarioregionaldigital.com.br\/index.php?rest_route=%2Fwp%2Fv2%2Fmedia&parent=166516"}],"wp:term":[{"taxonomy":"category","embeddable":true,"href":"https:\/\/diarioregionaldigital.com.br\/index.php?rest_route=%2Fwp%2Fv2%2Fcategories&post=166516"},{"taxonomy":"post_tag","embeddable":true,"href":"https:\/\/diarioregionaldigital.com.br\/index.php?rest_route=%2Fwp%2Fv2%2Ftags&post=166516"}],"curies":[{"name":"wp","href":"https:\/\/api.w.org\/{rel}","templated":true}]}}