{"id":166514,"date":"2020-08-11T11:11:56","date_gmt":"2020-08-11T14:11:56","guid":{"rendered":"https:\/\/diarioregionaldigital.com.br\/?p=166514"},"modified":"2020-08-11T11:11:56","modified_gmt":"2020-08-11T14:11:56","slug":"covid-19-saude-registra-aumento-de-1-476-novos-casos-em-minas-gerais","status":"publish","type":"post","link":"https:\/\/diarioregionaldigital.com.br\/?p=166514","title":{"rendered":"Covid-19: Sa\u00fade registra aumento de 1.476 novos casos em Minas Gerais"},"content":{"rendered":"<p>A Secretaria de Estado da Sa\u00fade de Minas Gerais (SES-MG), informa em\u00a0<a href=\"https:\/\/www.saude.mg.gov.br\/images\/1_noticias\/10_2020\/1_jul-ago-set\/11-08_Boletim_Epidemiologico_COVID-19.pdf\">boletim epidemiol\u00f3gico<\/a> desta ter\u00e7a-feira (11), que o estado registrou mais 1.476 novos casos por Coronav\u00edrus, totalizando 156.551. Al\u00e9m disso, nas \u00faltimas 24h, houve aumento de mais 16 mortes, contabilizando 3.613. Conforme os dados, 125.002 pacientes est\u00e3o recuperados da doen\u00e7a, representando 79,8% dos casos. Al\u00e9m disso, 27.936 fazem acompanhamento m\u00e9dico. At\u00e9 ent\u00e3o foram feitos 85.818 testes laboratoriais, sendo que 21.281 deram positivo, 61.552 deram negativo e 1.508 est\u00e3o sob an\u00e1lise<\/p>\n<p>A SES-MG informa que com a unifica\u00e7\u00e3o das informa\u00e7\u00f5es repassadas pelas prefeituras ao sistema federal, n\u00e3o ser\u00e3o feitas divulga\u00e7\u00f5es sobre os \u00f3bitos, como sexo e idade, de forma tempor\u00e1ria. A previs\u00e3o \u00e9 que as tais informa\u00e7\u00f5es sejam retomadas na pr\u00f3xima semana.<\/p>\n","protected":false},"excerpt":{"rendered":"<p>A Secretaria de Estado da Sa\u00fade de Minas Gerais (SES-MG), informa em\u00a0boletim epidemiol\u00f3gico desta ter\u00e7a-feira (11), que o estado registrou mais 1.476 novos casos por Coronav\u00edrus, totalizando 156.551. Al\u00e9m disso, nas \u00faltimas 24h, houve aumento de mais 16 mortes, contabilizando 3.613. Conforme os dados, 125.002 pacientes est\u00e3o recuperados da doen\u00e7a, representando 79,8% dos casos. Al\u00e9m [&hellip;]<\/p>\n","protected":false},"author":96,"featured_media":157122,"comment_status":"closed","ping_status":"closed","sticky":false,"template":"","format":"standard","meta":{"footnotes":""},"categories":[436,440,252,439],"tags":[],"class_list":["post-166514","post","type-post","status-publish","format-standard","has-post-thumbnail","hentry","category-destaque-da-semana","category-destaques-do-dia","category-regiao","category-ultima-hora"],"_links":{"self":[{"href":"https:\/\/diarioregionaldigital.com.br\/index.php?rest_route=\/wp\/v2\/posts\/166514","targetHints":{"allow":["GET"]}}],"collection":[{"href":"https:\/\/diarioregionaldigital.com.br\/index.php?rest_route=\/wp\/v2\/posts"}],"about":[{"href":"https:\/\/diarioregionaldigital.com.br\/index.php?rest_route=\/wp\/v2\/types\/post"}],"author":[{"embeddable":true,"href":"https:\/\/diarioregionaldigital.com.br\/index.php?rest_route=\/wp\/v2\/users\/96"}],"replies":[{"embeddable":true,"href":"https:\/\/diarioregionaldigital.com.br\/index.php?rest_route=%2Fwp%2Fv2%2Fcomments&post=166514"}],"version-history":[{"count":0,"href":"https:\/\/diarioregionaldigital.com.br\/index.php?rest_route=\/wp\/v2\/posts\/166514\/revisions"}],"wp:featuredmedia":[{"embeddable":true,"href":"https:\/\/diarioregionaldigital.com.br\/index.php?rest_route=\/wp\/v2\/media\/157122"}],"wp:attachment":[{"href":"https:\/\/diarioregionaldigital.com.br\/index.php?rest_route=%2Fwp%2Fv2%2Fmedia&parent=166514"}],"wp:term":[{"taxonomy":"category","embeddable":true,"href":"https:\/\/diarioregionaldigital.com.br\/index.php?rest_route=%2Fwp%2Fv2%2Fcategories&post=166514"},{"taxonomy":"post_tag","embeddable":true,"href":"https:\/\/diarioregionaldigital.com.br\/index.php?rest_route=%2Fwp%2Fv2%2Ftags&post=166514"}],"curies":[{"name":"wp","href":"https:\/\/api.w.org\/{rel}","templated":true}]}}