{"id":166511,"date":"2020-08-11T11:02:31","date_gmt":"2020-08-11T14:02:31","guid":{"rendered":"https:\/\/diarioregionaldigital.com.br\/?p=166511"},"modified":"2020-08-11T11:02:31","modified_gmt":"2020-08-11T14:02:31","slug":"safra-deste-ano-deve-ser-38-superior-a-de-2019-preve-ibge","status":"publish","type":"post","link":"https:\/\/diarioregionaldigital.com.br\/?p=166511","title":{"rendered":"Safra deste ano deve ser 3,8% superior \u00e0 de 2019, prev\u00ea IBGE"},"content":{"rendered":"<p><span style=\"font-weight: 400;\">A produ\u00e7\u00e3o brasileira de cereais, leguminosas e oleaginosas deve fechar o ano de 2020 em 250,5 milh\u00f5es de toneladas. Caso a estimativa de safra feita em julho pelo Instituto Brasileiro de Geografia e Estat\u00edstica (IBGE) se confirme, a produ\u00e7\u00e3o ser\u00e1 3,8% superior \u00e0 registrada em 2019, ou seja, 9 milh\u00f5es de toneladas a mais.<\/span><\/p>\n<p><span style=\"font-weight: 400;\">A estimativa de julho \u00e9 1,3% superior ao levantamento do IBGE feito no m\u00eas anterior. A \u00e1rea a ser colhida neste ano, de acordo com a estimativa, \u00e9 de 64,9 milh\u00f5es de hectares, ou 2,6% acima da \u00e1rea de 2019.<\/span><\/p>\n<p><span style=\"font-weight: 400;\">Entre as principais lavouras de gr\u00e3os do pa\u00eds, s\u00e3o esperadas altas em 2020 nas safras de soja (5,9%), arroz (7,3%), trigo (41%) e sorgo (6,4%). O algod\u00e3o herb\u00e1ceo deve manter a produ\u00e7\u00e3o de 2019. S\u00e3o esperadas quedas no milho (0,8%) e feij\u00e3o (4%).<\/span><\/p>\n<p><b>Outros produtos<\/b><\/p>\n<p><span style=\"font-weight: 400;\">S\u00e3o esperadas altas para a cana-de-a\u00e7\u00facar (2,4%), assim como o caf\u00e9 (18,2%) e a laranja (4,1%). Por outro lado, estima-se quedas nas safras de batata-inglesa (10,6%), banana (5,2%), tomate (5%), mandioca (0,3%) e uva (0,3%).<\/span><\/p>\n<p><strong>Fonte:<\/strong> Ag\u00eancia Brasil<\/p>\n","protected":false},"excerpt":{"rendered":"<p>A produ\u00e7\u00e3o brasileira de cereais, leguminosas e oleaginosas deve fechar o ano de 2020 em 250,5 milh\u00f5es de toneladas. Caso a estimativa de safra feita em julho pelo Instituto Brasileiro de Geografia e Estat\u00edstica (IBGE) se confirme, a produ\u00e7\u00e3o ser\u00e1 3,8% superior \u00e0 registrada em 2019, ou seja, 9 milh\u00f5es de toneladas a mais. A [&hellip;]<\/p>\n","protected":false},"author":96,"featured_media":166512,"comment_status":"closed","ping_status":"closed","sticky":false,"template":"","format":"standard","meta":{"footnotes":""},"categories":[436,261,439],"tags":[],"class_list":["post-166511","post","type-post","status-publish","format-standard","has-post-thumbnail","hentry","category-destaque-da-semana","category-economia","category-ultima-hora"],"_links":{"self":[{"href":"https:\/\/diarioregionaldigital.com.br\/index.php?rest_route=\/wp\/v2\/posts\/166511","targetHints":{"allow":["GET"]}}],"collection":[{"href":"https:\/\/diarioregionaldigital.com.br\/index.php?rest_route=\/wp\/v2\/posts"}],"about":[{"href":"https:\/\/diarioregionaldigital.com.br\/index.php?rest_route=\/wp\/v2\/types\/post"}],"author":[{"embeddable":true,"href":"https:\/\/diarioregionaldigital.com.br\/index.php?rest_route=\/wp\/v2\/users\/96"}],"replies":[{"embeddable":true,"href":"https:\/\/diarioregionaldigital.com.br\/index.php?rest_route=%2Fwp%2Fv2%2Fcomments&post=166511"}],"version-history":[{"count":0,"href":"https:\/\/diarioregionaldigital.com.br\/index.php?rest_route=\/wp\/v2\/posts\/166511\/revisions"}],"wp:featuredmedia":[{"embeddable":true,"href":"https:\/\/diarioregionaldigital.com.br\/index.php?rest_route=\/wp\/v2\/media\/166512"}],"wp:attachment":[{"href":"https:\/\/diarioregionaldigital.com.br\/index.php?rest_route=%2Fwp%2Fv2%2Fmedia&parent=166511"}],"wp:term":[{"taxonomy":"category","embeddable":true,"href":"https:\/\/diarioregionaldigital.com.br\/index.php?rest_route=%2Fwp%2Fv2%2Fcategories&post=166511"},{"taxonomy":"post_tag","embeddable":true,"href":"https:\/\/diarioregionaldigital.com.br\/index.php?rest_route=%2Fwp%2Fv2%2Ftags&post=166511"}],"curies":[{"name":"wp","href":"https:\/\/api.w.org\/{rel}","templated":true}]}}