{"id":166506,"date":"2020-08-11T10:54:24","date_gmt":"2020-08-11T13:54:24","guid":{"rendered":"https:\/\/diarioregionaldigital.com.br\/?p=166506"},"modified":"2020-08-11T10:54:41","modified_gmt":"2020-08-11T13:54:41","slug":"ipea-consumo-aparente-de-bens-industriais-cresce-52-em-junho","status":"publish","type":"post","link":"https:\/\/diarioregionaldigital.com.br\/?p=166506","title":{"rendered":"Ipea: consumo aparente de bens industriais cresce 5,2% em junho"},"content":{"rendered":"<p><span style=\"font-weight: 400;\">O Indicador Mensal de Consumo Aparente de Bens Industriais, medido pelo Instituto de Pesquisa Econ\u00f4mica Aplicada (Ipea), cresceu 5,2% em junho, em compara\u00e7\u00e3o ao m\u00eas anterior, na s\u00e9rie com ajuste sazonal. O indicador mede a parcela da produ\u00e7\u00e3o industrial dom\u00e9stica destinada ao mercado interno, acrescida das importa\u00e7\u00f5es.<\/span><\/p>\n<p><span style=\"font-weight: 400;\">Com a alta de 2,2% observada em maio, em rela\u00e7\u00e3o a abril, o segundo trimestre de 2020 registrou queda de 19,6% na margem. O estudo foi elaborado pelo Grupo de Conjuntura da Diretoria de Estudos e Pol\u00edticas Macroecon\u00f4micas (Dimac) do Ipea e divulgado nesta ter\u00e7a-feira (11) no Rio de Janeiro.<\/span><\/p>\n<p><span style=\"font-weight: 400;\">Ainda na compara\u00e7\u00e3o dessazonalizada, isto \u00e9, com ajuste sazonal, enquanto a produ\u00e7\u00e3o interna destinada ao mercado nacional (bens nacionais) aumentou 16,2% em junho, as importa\u00e7\u00f5es de bens industriais ca\u00edram 22,5%. Em rela\u00e7\u00e3o a junho do ano passado, a demanda interna por bens industriais mostrou retra\u00e7\u00e3o de 12,4%. Com isso, o segundo trimestre do ano apresentou queda de 19,7% na compara\u00e7\u00e3o interanual, n\u00e3o na margem, em rela\u00e7\u00e3o ao verificado no mesmo per\u00edodo do ano passado. No ano de 2020, at\u00e9 junho, a queda acumulada atingiu 9,8%.<\/span><\/p>\n<p><span style=\"font-weight: 400;\">Na an\u00e1lise de 12 meses encerrados em junho, a demanda foi reduzida em 4,2%, enquanto a produ\u00e7\u00e3o industrial, medida pela Pesquisa Industrial Mensal de Produ\u00e7\u00e3o F\u00edsica (PIM-PF), do Instituto Brasileiro de Geografia e Estat\u00edstica (IBGE), acumulou baixa de 5,6%.<\/span><\/p>\n<p><b>Grandes categorias<\/b><\/p>\n<p><span style=\"font-weight: 400;\">O estudo revela que, em rela\u00e7\u00e3o \u00e0s grandes categorias econ\u00f4micas, o bom desempenho de junho na compara\u00e7\u00e3o dessazonalizada foi bastante disseminado. Excetuando o segmento bens de capital, que recuou 13,9%, todos os demais apresentaram varia\u00e7\u00e3o positiva. Destaque para a demanda por bens de consumo dur\u00e1veis, que subiu 72,1% na margem. Na compara\u00e7\u00e3o interanual, o resultado negativo foi generalizado, refletindo os efeitos da crise provocada pela pandemia do novo coronav\u00edrus.<\/span><\/p>\n<p><span style=\"font-weight: 400;\">O Ipea apurou que, com rela\u00e7\u00e3o \u00e0s classes de produ\u00e7\u00e3o, na compara\u00e7\u00e3o dessazonalizada, o bom desempenho registrado pelas grandes categorias econ\u00f4micas se refletiu no resultado da demanda interna por bens da ind\u00fastria de transforma\u00e7\u00e3o, que aumentou 2,8% em junho sobre maio. O forte crescimento das importa\u00e7\u00f5es de petr\u00f3leo e g\u00e1s natural no per\u00edodo levaram a ind\u00fastria extrativa mineral a uma expans\u00e3o de 59,7% na margem.<\/span><\/p>\n<p><span style=\"font-weight: 400;\">Levando em conta a an\u00e1lise setorial, o estudo do Ipea constatou que 15 dos 22 segmentos pesquisados reduziram o \u00edndice de difus\u00e3o, que mede o percentual dos segmentos da ind\u00fastria de transforma\u00e7\u00e3o, com aumento em compara\u00e7\u00e3o ao per\u00edodo anterior, ap\u00f3s ajuste sazonal, de 77% em maio para 68% em junho. O destaque positivo ficou com o segmento ve\u00edculos, cuja alta na margem atingiu 72,4%.<\/span><\/p>\n<p><span style=\"font-weight: 400;\">Na compara\u00e7\u00e3o interanual, o resultado ainda \u00e9 bastante negativo, analisou o Ipea. Somente quatro segmentos registraram crescimento em junho ante igual m\u00eas de 2019. Os segmentos outros equipamentos de transporte e farmoqu\u00edmicos foram os destaques positivos, com altas de 41,6% e 15,4%, respectivamente. No resultado acumulado em 12 meses, quatro segmentos apresentaram varia\u00e7\u00e3o positiva, entre eles o segmento alimentos, com alta de 0,9%, e produtos de borracha e de material pl\u00e1stico (+1,5%).\u00a0<\/span><\/p>\n<p><strong>Fonte:<\/strong> Ag\u00eancia Brasil<\/p>\n","protected":false},"excerpt":{"rendered":"<p>O Indicador Mensal de Consumo Aparente de Bens Industriais, medido pelo Instituto de Pesquisa Econ\u00f4mica Aplicada (Ipea), cresceu 5,2% em junho, em compara\u00e7\u00e3o ao m\u00eas anterior, na s\u00e9rie com ajuste sazonal. O indicador mede a parcela da produ\u00e7\u00e3o industrial dom\u00e9stica destinada ao mercado interno, acrescida das importa\u00e7\u00f5es. Com a alta de 2,2% observada em maio, [&hellip;]<\/p>\n","protected":false},"author":96,"featured_media":166507,"comment_status":"closed","ping_status":"closed","sticky":false,"template":"","format":"standard","meta":{"footnotes":""},"categories":[436,261,439],"tags":[],"class_list":["post-166506","post","type-post","status-publish","format-standard","has-post-thumbnail","hentry","category-destaque-da-semana","category-economia","category-ultima-hora"],"_links":{"self":[{"href":"https:\/\/diarioregionaldigital.com.br\/index.php?rest_route=\/wp\/v2\/posts\/166506","targetHints":{"allow":["GET"]}}],"collection":[{"href":"https:\/\/diarioregionaldigital.com.br\/index.php?rest_route=\/wp\/v2\/posts"}],"about":[{"href":"https:\/\/diarioregionaldigital.com.br\/index.php?rest_route=\/wp\/v2\/types\/post"}],"author":[{"embeddable":true,"href":"https:\/\/diarioregionaldigital.com.br\/index.php?rest_route=\/wp\/v2\/users\/96"}],"replies":[{"embeddable":true,"href":"https:\/\/diarioregionaldigital.com.br\/index.php?rest_route=%2Fwp%2Fv2%2Fcomments&post=166506"}],"version-history":[{"count":0,"href":"https:\/\/diarioregionaldigital.com.br\/index.php?rest_route=\/wp\/v2\/posts\/166506\/revisions"}],"wp:featuredmedia":[{"embeddable":true,"href":"https:\/\/diarioregionaldigital.com.br\/index.php?rest_route=\/wp\/v2\/media\/166507"}],"wp:attachment":[{"href":"https:\/\/diarioregionaldigital.com.br\/index.php?rest_route=%2Fwp%2Fv2%2Fmedia&parent=166506"}],"wp:term":[{"taxonomy":"category","embeddable":true,"href":"https:\/\/diarioregionaldigital.com.br\/index.php?rest_route=%2Fwp%2Fv2%2Fcategories&post=166506"},{"taxonomy":"post_tag","embeddable":true,"href":"https:\/\/diarioregionaldigital.com.br\/index.php?rest_route=%2Fwp%2Fv2%2Ftags&post=166506"}],"curies":[{"name":"wp","href":"https:\/\/api.w.org\/{rel}","templated":true}]}}