{"id":166491,"date":"2020-08-11T06:00:29","date_gmt":"2020-08-11T09:00:29","guid":{"rendered":"https:\/\/diarioregionaldigital.com.br\/?p=166491"},"modified":"2020-08-13T02:39:45","modified_gmt":"2020-08-13T05:39:45","slug":"rainbow","status":"publish","type":"post","link":"https:\/\/diarioregionaldigital.com.br\/?p=166491","title":{"rendered":"Rainbow"},"content":{"rendered":"<p style=\"text-align: center;\"><strong>Saud\u00e1vel<\/strong><\/p>\n<p style=\"text-align: center;\">Em comemora\u00e7\u00e3o a mais um anivers\u00e1rio da Petiscando 123, vai ter presentes para os clientes que fizeram compras em Agosto. Haver\u00e1 sorteio de um cesta com delicias. Ligue: (32) 99962-4783.<\/p>\n<p style=\"text-align: center;\"><strong>Novidade<\/strong><\/p>\n<p style=\"text-align: center;\">Formado em Comunica\u00e7\u00e3o pela UFJF, o conceituado escritor Luiz Ruffato \u00e9 sucesso de vendas com seu novo livro \u201cO ver\u00e3o tardio\u201d. Sai com o selo da Companhia das Letras com a obra dispon\u00edvel na Amazon.<\/p>\n<p style=\"text-align: center;\"><strong>Decora\u00e7\u00e3o <\/strong><\/p>\n<p style=\"text-align: center;\">Em tempos de pandemia, o decorador Luis Brasil lan\u00e7ou proposta residencial pr\u00e1tica e acess\u00edvel. Dentro itens ele recomenda evitar tecidos muitos pesados e com penduricalhos nas almofadas. As estampas devem ser leves, coloridas, divertidas e misturadas.<\/p>\n<p style=\"text-align: center;\"><strong>Nos States<\/strong><\/p>\n<p style=\"text-align: center;\">O querido casal de juiz-foranos Anselmo Bartels e Vanessa Lawall est\u00e3o felizes morando na Fl\u00f3rida (EUA). Ele faz sucesso l\u00e1 e , como fisiculturista venceu o champion do UGP Miami Beach NPC.<\/p>\n<p style=\"text-align: center;\"><span style=\"font-size: 14pt;\"><strong>Rainbow<\/strong><\/span><\/p>\n<p style=\"text-align: center;\">Templo de arte e cultura de JF, a Funalfa com curadoria dos historiadores Carine Muguet e Fabr\u00edcio Fernandes, lan\u00e7ou a mostra \u201cRainbow Gallery: os diversos tons do Miss Brasil Gay\u201d, em comemora\u00e7\u00e3o aos 40 anos do maior concurso de transformistas do pa\u00eds.<\/p>\n<div id=\"attachment_166476\" style=\"width: 690px\" class=\"wp-caption aligncenter\"><img loading=\"lazy\" decoding=\"async\" aria-describedby=\"caption-attachment-166476\" class=\"wp-image-166476\" src=\"https:\/\/diarioregionaldigital.com.br\/wp-content\/uploads\/2020\/08\/fotoa-2-e1597122643100.jpg\" alt=\"\" width=\"680\" height=\"502\" srcset=\"https:\/\/diarioregionaldigital.com.br\/wp-content\/uploads\/2020\/08\/fotoa-2-e1597122643100.jpg 720w, https:\/\/diarioregionaldigital.com.br\/wp-content\/uploads\/2020\/08\/fotoa-2-e1597122643100-300x222.jpg 300w, https:\/\/diarioregionaldigital.com.br\/wp-content\/uploads\/2020\/08\/fotoa-2-e1597122643100-360x266.jpg 360w\" sizes=\"auto, (max-width: 680px) 100vw, 680px\" \/><p id=\"caption-attachment-166476\" class=\"wp-caption-text\">Os talentosos m\u00fasicos da Banda Vibe Boa posaram no Trade Hotel com os acess\u00f3rios da Marfree e fazem sucesso nos 4 cantos de Juiz de Fora<\/p><\/div>\n<div id=\"attachment_166477\" style=\"width: 690px\" class=\"wp-caption aligncenter\"><img loading=\"lazy\" decoding=\"async\" aria-describedby=\"caption-attachment-166477\" class=\"wp-image-166477\" src=\"https:\/\/diarioregionaldigital.com.br\/wp-content\/uploads\/2020\/08\/fotoaa-e1597122668645.jpg\" alt=\"\" width=\"680\" height=\"495\" srcset=\"https:\/\/diarioregionaldigital.com.br\/wp-content\/uploads\/2020\/08\/fotoaa-e1597122668645.jpg 420w, https:\/\/diarioregionaldigital.com.br\/wp-content\/uploads\/2020\/08\/fotoaa-e1597122668645-300x219.jpg 300w, https:\/\/diarioregionaldigital.com.br\/wp-content\/uploads\/2020\/08\/fotoaa-e1597122668645-360x262.jpg 360w\" sizes=\"auto, (max-width: 680px) 100vw, 680px\" \/><p id=\"caption-attachment-166477\" class=\"wp-caption-text\">Comemorando o Dia dos Pais Sebasti\u00e3o Machado e a filha Helenise Machado<\/p><\/div>\n<div id=\"attachment_166479\" style=\"width: 690px\" class=\"wp-caption aligncenter\"><img loading=\"lazy\" decoding=\"async\" aria-describedby=\"caption-attachment-166479\" class=\"wp-image-166479\" src=\"https:\/\/diarioregionaldigital.com.br\/wp-content\/uploads\/2020\/08\/fotoc-5-e1597122989851.jpg\" alt=\"\" width=\"680\" height=\"467\" srcset=\"https:\/\/diarioregionaldigital.com.br\/wp-content\/uploads\/2020\/08\/fotoc-5-e1597122989851.jpg 1169w, https:\/\/diarioregionaldigital.com.br\/wp-content\/uploads\/2020\/08\/fotoc-5-e1597122989851-300x206.jpg 300w, https:\/\/diarioregionaldigital.com.br\/wp-content\/uploads\/2020\/08\/fotoc-5-e1597122989851-1024x703.jpg 1024w, https:\/\/diarioregionaldigital.com.br\/wp-content\/uploads\/2020\/08\/fotoc-5-e1597122989851-768x527.jpg 768w, https:\/\/diarioregionaldigital.com.br\/wp-content\/uploads\/2020\/08\/fotoc-5-e1597122989851-360x247.jpg 360w, https:\/\/diarioregionaldigital.com.br\/wp-content\/uploads\/2020\/08\/fotoc-5-e1597122989851-100x70.jpg 100w\" sizes=\"auto, (max-width: 680px) 100vw, 680px\" \/><p id=\"caption-attachment-166479\" class=\"wp-caption-text\">Os lindos Vin\u00edcius Ciribeli (aniversariando) com Lidiane Stambassi, antes da pandemia<\/p><\/div>\n<div id=\"attachment_166480\" style=\"width: 690px\" class=\"wp-caption aligncenter\"><img loading=\"lazy\" decoding=\"async\" aria-describedby=\"caption-attachment-166480\" class=\"wp-image-166480\" src=\"https:\/\/diarioregionaldigital.com.br\/wp-content\/uploads\/2020\/08\/fotod-4-e1597123018539.jpg\" alt=\"\" width=\"680\" height=\"512\" srcset=\"https:\/\/diarioregionaldigital.com.br\/wp-content\/uploads\/2020\/08\/fotod-4-e1597123018539.jpg 600w, https:\/\/diarioregionaldigital.com.br\/wp-content\/uploads\/2020\/08\/fotod-4-e1597123018539-300x226.jpg 300w, https:\/\/diarioregionaldigital.com.br\/wp-content\/uploads\/2020\/08\/fotod-4-e1597123018539-360x271.jpg 360w\" sizes=\"auto, (max-width: 680px) 100vw, 680px\" \/><p id=\"caption-attachment-166480\" class=\"wp-caption-text\">Os queridos Desire\u00e9 Couri aniversariante de destaque da semana com seu marido Andr\u00e9 Neves<\/p><\/div>\n<div id=\"attachment_166481\" style=\"width: 690px\" class=\"wp-caption aligncenter\"><img loading=\"lazy\" decoding=\"async\" aria-describedby=\"caption-attachment-166481\" class=\"wp-image-166481\" src=\"https:\/\/diarioregionaldigital.com.br\/wp-content\/uploads\/2020\/08\/fotoe-5-e1597123060310.jpg\" alt=\"\" width=\"680\" height=\"485\" srcset=\"https:\/\/diarioregionaldigital.com.br\/wp-content\/uploads\/2020\/08\/fotoe-5-e1597123060310.jpg 1439w, https:\/\/diarioregionaldigital.com.br\/wp-content\/uploads\/2020\/08\/fotoe-5-e1597123060310-300x214.jpg 300w, https:\/\/diarioregionaldigital.com.br\/wp-content\/uploads\/2020\/08\/fotoe-5-e1597123060310-1024x730.jpg 1024w, https:\/\/diarioregionaldigital.com.br\/wp-content\/uploads\/2020\/08\/fotoe-5-e1597123060310-768x548.jpg 768w, https:\/\/diarioregionaldigital.com.br\/wp-content\/uploads\/2020\/08\/fotoe-5-e1597123060310-360x257.jpg 360w, https:\/\/diarioregionaldigital.com.br\/wp-content\/uploads\/2020\/08\/fotoe-5-e1597123060310-100x70.jpg 100w\" sizes=\"auto, (max-width: 680px) 100vw, 680px\" \/><p id=\"caption-attachment-166481\" class=\"wp-caption-text\">Formando casal 20, Virginia Resende e Adalberto Silva<\/p><\/div>\n<div id=\"attachment_166482\" style=\"width: 690px\" class=\"wp-caption aligncenter\"><img loading=\"lazy\" decoding=\"async\" aria-describedby=\"caption-attachment-166482\" class=\"wp-image-166482\" src=\"https:\/\/diarioregionaldigital.com.br\/wp-content\/uploads\/2020\/08\/fotof-2-e1597123091893.jpg\" alt=\"\" width=\"680\" height=\"475\" srcset=\"https:\/\/diarioregionaldigital.com.br\/wp-content\/uploads\/2020\/08\/fotof-2-e1597123091893.jpg 837w, https:\/\/diarioregionaldigital.com.br\/wp-content\/uploads\/2020\/08\/fotof-2-e1597123091893-300x210.jpg 300w, https:\/\/diarioregionaldigital.com.br\/wp-content\/uploads\/2020\/08\/fotof-2-e1597123091893-768x537.jpg 768w, https:\/\/diarioregionaldigital.com.br\/wp-content\/uploads\/2020\/08\/fotof-2-e1597123091893-360x252.jpg 360w, https:\/\/diarioregionaldigital.com.br\/wp-content\/uploads\/2020\/08\/fotof-2-e1597123091893-100x70.jpg 100w\" sizes=\"auto, (max-width: 680px) 100vw, 680px\" \/><p id=\"caption-attachment-166482\" class=\"wp-caption-text\">O lado descontra\u00eddo do DJ, Mateus Engenheiro<\/p><\/div>\n<div id=\"attachment_166483\" style=\"width: 690px\" class=\"wp-caption aligncenter\"><img loading=\"lazy\" decoding=\"async\" aria-describedby=\"caption-attachment-166483\" class=\"wp-image-166483\" src=\"https:\/\/diarioregionaldigital.com.br\/wp-content\/uploads\/2020\/08\/fotog-5-e1597123130376.jpg\" alt=\"\" width=\"680\" height=\"470\" srcset=\"https:\/\/diarioregionaldigital.com.br\/wp-content\/uploads\/2020\/08\/fotog-5-e1597123130376.jpg 884w, https:\/\/diarioregionaldigital.com.br\/wp-content\/uploads\/2020\/08\/fotog-5-e1597123130376-300x207.jpg 300w, https:\/\/diarioregionaldigital.com.br\/wp-content\/uploads\/2020\/08\/fotog-5-e1597123130376-768x531.jpg 768w, https:\/\/diarioregionaldigital.com.br\/wp-content\/uploads\/2020\/08\/fotog-5-e1597123130376-360x249.jpg 360w, https:\/\/diarioregionaldigital.com.br\/wp-content\/uploads\/2020\/08\/fotog-5-e1597123130376-100x70.jpg 100w\" sizes=\"auto, (max-width: 680px) 100vw, 680px\" \/><p id=\"caption-attachment-166483\" class=\"wp-caption-text\">Gente da sociedade no Caf\u00e9 da Mata, antes da pandemia, Lena Cruz, Erika Rocha Calixto e Z\u00e9 Ito Calixto<\/p><\/div>\n<div id=\"attachment_166484\" style=\"width: 690px\" class=\"wp-caption aligncenter\"><img loading=\"lazy\" decoding=\"async\" aria-describedby=\"caption-attachment-166484\" class=\"wp-image-166484\" src=\"https:\/\/diarioregionaldigital.com.br\/wp-content\/uploads\/2020\/08\/fotoh-3-e1597123157594.jpg\" alt=\"\" width=\"680\" height=\"480\" srcset=\"https:\/\/diarioregionaldigital.com.br\/wp-content\/uploads\/2020\/08\/fotoh-3-e1597123157594.jpg 880w, https:\/\/diarioregionaldigital.com.br\/wp-content\/uploads\/2020\/08\/fotoh-3-e1597123157594-300x212.jpg 300w, https:\/\/diarioregionaldigital.com.br\/wp-content\/uploads\/2020\/08\/fotoh-3-e1597123157594-768x542.jpg 768w, https:\/\/diarioregionaldigital.com.br\/wp-content\/uploads\/2020\/08\/fotoh-3-e1597123157594-750x530.jpg 750w, https:\/\/diarioregionaldigital.com.br\/wp-content\/uploads\/2020\/08\/fotoh-3-e1597123157594-360x254.jpg 360w, https:\/\/diarioregionaldigital.com.br\/wp-content\/uploads\/2020\/08\/fotoh-3-e1597123157594-100x70.jpg 100w\" sizes=\"auto, (max-width: 680px) 100vw, 680px\" \/><p id=\"caption-attachment-166484\" class=\"wp-caption-text\">No terra\u00e7o curtindo o visual de JF, Juan Calixto e sua M\u00e3e Daise Zata<\/p><\/div>\n<div id=\"attachment_166478\" style=\"width: 690px\" class=\"wp-caption aligncenter\"><img loading=\"lazy\" decoding=\"async\" aria-describedby=\"caption-attachment-166478\" class=\"wp-image-166478\" src=\"https:\/\/diarioregionaldigital.com.br\/wp-content\/uploads\/2020\/08\/fotob-e1597122697322.jpeg\" alt=\"\" width=\"680\" height=\"470\" srcset=\"https:\/\/diarioregionaldigital.com.br\/wp-content\/uploads\/2020\/08\/fotob-e1597122697322.jpeg 1264w, https:\/\/diarioregionaldigital.com.br\/wp-content\/uploads\/2020\/08\/fotob-e1597122697322-300x207.jpeg 300w, https:\/\/diarioregionaldigital.com.br\/wp-content\/uploads\/2020\/08\/fotob-e1597122697322-1024x707.jpeg 1024w, https:\/\/diarioregionaldigital.com.br\/wp-content\/uploads\/2020\/08\/fotob-e1597122697322-768x530.jpeg 768w, https:\/\/diarioregionaldigital.com.br\/wp-content\/uploads\/2020\/08\/fotob-e1597122697322-360x249.jpeg 360w, https:\/\/diarioregionaldigital.com.br\/wp-content\/uploads\/2020\/08\/fotob-e1597122697322-100x70.jpeg 100w\" sizes=\"auto, (max-width: 680px) 100vw, 680px\" \/><p id=\"caption-attachment-166478\" class=\"wp-caption-text\">Reuni\u00e3o de gente bem no Cruzeiro do Sul Ricardo Alex, M\u00e1rcio Marques (aniversariando) Eduardo Gomes e Rodrigo Lage<\/p><\/div>\n<p style=\"text-align: center;\"><strong>FOTOSS\u00cdNTESE<\/strong><\/p>\n<p>Correio Elegante: Abra\u00e7os afetuosos para: Renata Menezes, Ursula Scavolini, Alessandra Sampaio, Alice Gervason, B\u00e1rbara Moreira, Yuri Mendes, Kaio Barros, Leonardo Jesus, Fabinho Esteves, Dudu Lima e Marcos Marinho.<\/p>\n<p>Vem a\u00ed o resultado de evento deste colunista \u201cOs Melhores de 2020\u201d com vers\u00e3o on-line do Trof\u00e9u Di\u00e1rio-Regional RCWTV. Pioneiro nesse tipo de evento, \u00e9 imitado, mais jamais igualado. Aguardem.<\/p>\n<p>Usando a plataforma do Webinar da Fiemg Regional, a especialista em gest\u00e3o educacional, Lais Gouveia Pires recebeu muitas visualiza\u00e7\u00f5es e brilhou com o assunto \u2018home office\u2019 e seus desafios.<\/p>\n<p>Com o lema juntos somos mais fortes, a OAB\/JF lan\u00e7ou a campanha \u201cEstelionato emocional\u201d. As den\u00fancias podem ser feitas pelo WhatsApp 98410-8355.<\/p>\n<p>O escritor Thiago Winner vai participar com a poesia \u201cUm minuto de reflex\u00e3o\u201d do concurso promovido pelo site Eternizarte.<\/p>\n<p>Aten\u00e7\u00e3o: Segundo a OMS, pandemia da Covid-19 n\u00e3o est\u00e1 controlada em Juiz de Fora. Portanto, presta aten\u00e7\u00e3o.<\/p>\n<p>A Funda\u00e7\u00e3o Hospital do Estado de Minas Gerais (Fhemig) alterou o cronograma do processo seletivo para contrata\u00e7\u00e3o tempor\u00e1rio de m\u00e9dicos que ir\u00e3o atuar no Hospital Regional Jo\u00e3o Penido, em Juiz de Fora.<\/p>\n<p>Para pensar e n\u00e3o pirar: Depois da pandemia sairemos mais fortes para um mundo novo. Com certeza, de perto n\u00e3o seremos normais. Bom dia.<\/p>\n<p><img loading=\"lazy\" decoding=\"async\" class=\"aligncenter size-full wp-image-166488\" src=\"https:\/\/diarioregionaldigital.com.br\/wp-content\/uploads\/2020\/08\/anuncio73-1-scaled.jpg\" alt=\"\" width=\"2560\" height=\"983\" srcset=\"https:\/\/diarioregionaldigital.com.br\/wp-content\/uploads\/2020\/08\/anuncio73-1-scaled.jpg 2560w, https:\/\/diarioregionaldigital.com.br\/wp-content\/uploads\/2020\/08\/anuncio73-1-300x115.jpg 300w, https:\/\/diarioregionaldigital.com.br\/wp-content\/uploads\/2020\/08\/anuncio73-1-1024x393.jpg 1024w, https:\/\/diarioregionaldigital.com.br\/wp-content\/uploads\/2020\/08\/anuncio73-1-768x295.jpg 768w, https:\/\/diarioregionaldigital.com.br\/wp-content\/uploads\/2020\/08\/anuncio73-1-1536x590.jpg 1536w, https:\/\/diarioregionaldigital.com.br\/wp-content\/uploads\/2020\/08\/anuncio73-1-2048x787.jpg 2048w, https:\/\/diarioregionaldigital.com.br\/wp-content\/uploads\/2020\/08\/anuncio73-1-360x138.jpg 360w\" sizes=\"auto, (max-width: 2560px) 100vw, 2560px\" \/><\/p>\n","protected":false},"excerpt":{"rendered":"<p>Saud\u00e1vel Em comemora\u00e7\u00e3o a mais um anivers\u00e1rio da Petiscando 123, vai ter presentes para os clientes que fizeram compras em Agosto. Haver\u00e1 sorteio de um cesta com delicias. Ligue: (32) 99962-4783. Novidade Formado em Comunica\u00e7\u00e3o pela UFJF, o conceituado escritor Luiz Ruffato \u00e9 sucesso de vendas com seu novo livro \u201cO ver\u00e3o tardio\u201d. Sai com [&hellip;]<\/p>\n","protected":false},"author":96,"featured_media":166476,"comment_status":"closed","ping_status":"closed","sticky":false,"template":"","format":"standard","meta":{"footnotes":""},"categories":[264],"tags":[],"class_list":["post-166491","post","type-post","status-publish","format-standard","has-post-thumbnail","hentry","category-eduardo-gomes"],"_links":{"self":[{"href":"https:\/\/diarioregionaldigital.com.br\/index.php?rest_route=\/wp\/v2\/posts\/166491","targetHints":{"allow":["GET"]}}],"collection":[{"href":"https:\/\/diarioregionaldigital.com.br\/index.php?rest_route=\/wp\/v2\/posts"}],"about":[{"href":"https:\/\/diarioregionaldigital.com.br\/index.php?rest_route=\/wp\/v2\/types\/post"}],"author":[{"embeddable":true,"href":"https:\/\/diarioregionaldigital.com.br\/index.php?rest_route=\/wp\/v2\/users\/96"}],"replies":[{"embeddable":true,"href":"https:\/\/diarioregionaldigital.com.br\/index.php?rest_route=%2Fwp%2Fv2%2Fcomments&post=166491"}],"version-history":[{"count":0,"href":"https:\/\/diarioregionaldigital.com.br\/index.php?rest_route=\/wp\/v2\/posts\/166491\/revisions"}],"wp:featuredmedia":[{"embeddable":true,"href":"https:\/\/diarioregionaldigital.com.br\/index.php?rest_route=\/wp\/v2\/media\/166476"}],"wp:attachment":[{"href":"https:\/\/diarioregionaldigital.com.br\/index.php?rest_route=%2Fwp%2Fv2%2Fmedia&parent=166491"}],"wp:term":[{"taxonomy":"category","embeddable":true,"href":"https:\/\/diarioregionaldigital.com.br\/index.php?rest_route=%2Fwp%2Fv2%2Fcategories&post=166491"},{"taxonomy":"post_tag","embeddable":true,"href":"https:\/\/diarioregionaldigital.com.br\/index.php?rest_route=%2Fwp%2Fv2%2Ftags&post=166491"}],"curies":[{"name":"wp","href":"https:\/\/api.w.org\/{rel}","templated":true}]}}