{"id":166485,"date":"2020-08-10T23:36:21","date_gmt":"2020-08-11T02:36:21","guid":{"rendered":"https:\/\/diarioregionaldigital.com.br\/?p=166485"},"modified":"2020-08-10T23:36:21","modified_gmt":"2020-08-11T02:36:21","slug":"parede-de-galpao-desaba-no-bairro-poco-rico","status":"publish","type":"post","link":"https:\/\/diarioregionaldigital.com.br\/?p=166485","title":{"rendered":"Parede de galp\u00e3o desaba no Bairro Po\u00e7o Rico"},"content":{"rendered":"<p><span style=\"color: #333333; font-size: 16px;\">O Quarto Batalh\u00e3o de Bombeiros Militar, atendeu a uma ocorr\u00eancia nesta segunda-feira (10), referente a uma parede de 7 metros de altura, que caiu sobre cinco resid\u00eancias, de um aglomerado vizinho, na Rua Os\u00f3rio de Almeida, no Bairro Po\u00e7o Rico (Regi\u00e3o Sudeste) em Juiz de Fora. Segundo informa\u00e7\u00f5es, haviam duas mulheres presas em uma das casas, pois o corredor estava recoberto por escombros, e as outras quatro j\u00e1 estavam vazias.<\/span><\/p>\n<div><\/div>\n<div>Ap\u00f3s retirarem as duas v\u00edtimas dos escombros, os bombeiros realizaram a confer\u00eancia dos moradores e dos trabalhadores da obra, entretanto n\u00e3o houve feridos. Segundo informa\u00e7\u00f5es de populares, a parede caiu ap\u00f3s uma escavadeira efetuar uma manobra no terreno e esbarrar na estrutura. A Defesa Civil interditou todas as resid\u00eancias atingidas. A Pol\u00edcia Militar e a per\u00edcia da Pol\u00edcia Civil tamb\u00e9m compareceram no local.<\/div>\n","protected":false},"excerpt":{"rendered":"<p>O Quarto Batalh\u00e3o de Bombeiros Militar, atendeu a uma ocorr\u00eancia nesta segunda-feira (10), referente a uma parede de 7 metros de altura, que caiu sobre cinco resid\u00eancias, de um aglomerado vizinho, na Rua Os\u00f3rio de Almeida, no Bairro Po\u00e7o Rico (Regi\u00e3o Sudeste) em Juiz de Fora. Segundo informa\u00e7\u00f5es, haviam duas mulheres presas em uma das [&hellip;]<\/p>\n","protected":false},"author":96,"featured_media":166486,"comment_status":"closed","ping_status":"closed","sticky":false,"template":"","format":"standard","meta":{"footnotes":""},"categories":[253,436,439],"tags":[],"class_list":["post-166485","post","type-post","status-publish","format-standard","has-post-thumbnail","hentry","category-cidade","category-destaque-da-semana","category-ultima-hora"],"_links":{"self":[{"href":"https:\/\/diarioregionaldigital.com.br\/index.php?rest_route=\/wp\/v2\/posts\/166485","targetHints":{"allow":["GET"]}}],"collection":[{"href":"https:\/\/diarioregionaldigital.com.br\/index.php?rest_route=\/wp\/v2\/posts"}],"about":[{"href":"https:\/\/diarioregionaldigital.com.br\/index.php?rest_route=\/wp\/v2\/types\/post"}],"author":[{"embeddable":true,"href":"https:\/\/diarioregionaldigital.com.br\/index.php?rest_route=\/wp\/v2\/users\/96"}],"replies":[{"embeddable":true,"href":"https:\/\/diarioregionaldigital.com.br\/index.php?rest_route=%2Fwp%2Fv2%2Fcomments&post=166485"}],"version-history":[{"count":0,"href":"https:\/\/diarioregionaldigital.com.br\/index.php?rest_route=\/wp\/v2\/posts\/166485\/revisions"}],"wp:featuredmedia":[{"embeddable":true,"href":"https:\/\/diarioregionaldigital.com.br\/index.php?rest_route=\/wp\/v2\/media\/166486"}],"wp:attachment":[{"href":"https:\/\/diarioregionaldigital.com.br\/index.php?rest_route=%2Fwp%2Fv2%2Fmedia&parent=166485"}],"wp:term":[{"taxonomy":"category","embeddable":true,"href":"https:\/\/diarioregionaldigital.com.br\/index.php?rest_route=%2Fwp%2Fv2%2Fcategories&post=166485"},{"taxonomy":"post_tag","embeddable":true,"href":"https:\/\/diarioregionaldigital.com.br\/index.php?rest_route=%2Fwp%2Fv2%2Ftags&post=166485"}],"curies":[{"name":"wp","href":"https:\/\/api.w.org\/{rel}","templated":true}]}}