{"id":166473,"date":"2020-08-10T19:47:47","date_gmt":"2020-08-10T22:47:47","guid":{"rendered":"https:\/\/diarioregionaldigital.com.br\/?p=166473"},"modified":"2020-08-10T19:47:47","modified_gmt":"2020-08-10T22:47:47","slug":"covid-19-brasil-tem-305-milhoes-de-casos-e-1017-mil-mortes","status":"publish","type":"post","link":"https:\/\/diarioregionaldigital.com.br\/?p=166473","title":{"rendered":"Covid-19: Brasil tem 3,05 milh\u00f5es de casos e 101,7 mil mortes"},"content":{"rendered":"<p>Desde o in\u00edcio da pandemia, o Brasil acumula\u00a03.057.470 casos de covid-19, conforme balan\u00e7o di\u00e1rio divulgado hoje (10) pelo Minist\u00e9rio da Sa\u00fade. Desde\u00a0<span id=\"OBJ_PREFIX_DWT2993_com_zimbra_date\" role=\"link\"><span id=\"OBJ_PREFIX_DWT2998_com_zimbra_date\" role=\"link\">ontem<\/span><\/span>, foram 22.048 novos casos informados pelas secretarias de sa\u00fade.\u00a0<span id=\"OBJ_PREFIX_DWT2994_com_zimbra_date\" role=\"link\"><span id=\"OBJ_PREFIX_DWT2999_com_zimbra_date\" role=\"link\">Ontem(9)<\/span><\/span>, o painel apresentava 3.035.422 pessoas infectadas desde o in\u00edcio da contagem.<img decoding=\"async\" src=\"https:\/\/agenciabrasil.ebc.com.br\/ebc.png?id=1313356&amp;o=node\" \/><img decoding=\"async\" src=\"https:\/\/agenciabrasil.ebc.com.br\/ebc.gif?id=1313356&amp;o=node\" \/><\/p>\n<p>O n\u00famero de mortes chegou a 101.752. H\u00e1 ainda 3.569 \u00f3bitos em investiga\u00e7\u00e3o. Nas \u00faltimas 24 horas, foram registrados 703 \u00f3bitos.\u00a0<span id=\"OBJ_PREFIX_DWT2996_com_zimbra_date\" role=\"link\"><span id=\"OBJ_PREFIX_DWT3001_com_zimbra_date\" role=\"link\">Ontem<\/span><\/span>, o sistema do Minist\u00e9rio da Sa\u00fade marcava 101.049 falecimentos.<\/p>\n<p>Atualmente, 791.096 pacientes com covid-19 est\u00e3o em acompanhamento. J\u00e1 a quantidade de pessoas\u00a0recuperadas chega a\u00a02.163.812.<\/p>\n<p>Os n\u00fameros di\u00e1rios de casos e mortes s\u00e3o menores aos domingos e segundas em fun\u00e7\u00e3o da dificuldade de pessoal para alimenta\u00e7\u00e3o dos bancos de dados durante os fins de semana. J\u00e1 na\u00a0<span id=\"OBJ_PREFIX_DWT2997_com_zimbra_date\" role=\"link\"><span id=\"OBJ_PREFIX_DWT3002_com_zimbra_date\" role=\"link\">ter<\/span><\/span>\u00e7a-feira, em geral, h\u00e1 mais casos pois o balan\u00e7o di\u00e1rio traz o ac\u00famulo dos casos registrados nos dias anteriores.<\/p>\n<p>A taxa de letalidade (n\u00famero de mortes pelo total de casos) ficou em 3,3%. A mortalidade (quantidade de \u00f3bitos por 100 mil habitantes) atingiu 48,4. A incid\u00eancia dos casos de covid-19 por 100 mil habitantes \u00e9 de 1454,9.<\/p>\n<p><strong>Covid-19 nos estados<\/strong><\/p>\n<p>Os estados com mais mortes em fun\u00e7\u00e3o da covid-19 s\u00e3o: S\u00e3o Paulo (25.151), Rio<span id=\"OBJ_PREFIX_DWT3081_com_zimbra_date\" role=\"link\">\u00a0de Janeiro<\/span>\u00a0(14.108), Cear\u00e1 (7.979), Pernambuco (6.970) e Par\u00e1 (5.893). As Unidades da Federa\u00e7\u00e3o com menos \u00f3bitos foram Tocantins (461), Mato Grosso do Sul (523), Roraima (547), Acre (562), Amap\u00e1 (603).<\/p>\n<div class=\"dnd-atom-rendered\"><strong>Fonte:\u00a0<\/strong>Ag\u00eancia Brasil<\/div>\n","protected":false},"excerpt":{"rendered":"<p>Desde o in\u00edcio da pandemia, o Brasil acumula\u00a03.057.470 casos de covid-19, conforme balan\u00e7o di\u00e1rio divulgado hoje (10) pelo Minist\u00e9rio da Sa\u00fade. Desde\u00a0ontem, foram 22.048 novos casos informados pelas secretarias de sa\u00fade.\u00a0Ontem(9), o painel apresentava 3.035.422 pessoas infectadas desde o in\u00edcio da contagem. O n\u00famero de mortes chegou a 101.752. H\u00e1 ainda 3.569 \u00f3bitos em investiga\u00e7\u00e3o. [&hellip;]<\/p>\n","protected":false},"author":96,"featured_media":166474,"comment_status":"closed","ping_status":"closed","sticky":false,"template":"","format":"standard","meta":{"footnotes":""},"categories":[302,436,440,439],"tags":[],"class_list":["post-166473","post","type-post","status-publish","format-standard","has-post-thumbnail","hentry","category-brasil-mundo","category-destaque-da-semana","category-destaques-do-dia","category-ultima-hora"],"_links":{"self":[{"href":"https:\/\/diarioregionaldigital.com.br\/index.php?rest_route=\/wp\/v2\/posts\/166473","targetHints":{"allow":["GET"]}}],"collection":[{"href":"https:\/\/diarioregionaldigital.com.br\/index.php?rest_route=\/wp\/v2\/posts"}],"about":[{"href":"https:\/\/diarioregionaldigital.com.br\/index.php?rest_route=\/wp\/v2\/types\/post"}],"author":[{"embeddable":true,"href":"https:\/\/diarioregionaldigital.com.br\/index.php?rest_route=\/wp\/v2\/users\/96"}],"replies":[{"embeddable":true,"href":"https:\/\/diarioregionaldigital.com.br\/index.php?rest_route=%2Fwp%2Fv2%2Fcomments&post=166473"}],"version-history":[{"count":0,"href":"https:\/\/diarioregionaldigital.com.br\/index.php?rest_route=\/wp\/v2\/posts\/166473\/revisions"}],"wp:featuredmedia":[{"embeddable":true,"href":"https:\/\/diarioregionaldigital.com.br\/index.php?rest_route=\/wp\/v2\/media\/166474"}],"wp:attachment":[{"href":"https:\/\/diarioregionaldigital.com.br\/index.php?rest_route=%2Fwp%2Fv2%2Fmedia&parent=166473"}],"wp:term":[{"taxonomy":"category","embeddable":true,"href":"https:\/\/diarioregionaldigital.com.br\/index.php?rest_route=%2Fwp%2Fv2%2Fcategories&post=166473"},{"taxonomy":"post_tag","embeddable":true,"href":"https:\/\/diarioregionaldigital.com.br\/index.php?rest_route=%2Fwp%2Fv2%2Ftags&post=166473"}],"curies":[{"name":"wp","href":"https:\/\/api.w.org\/{rel}","templated":true}]}}