{"id":166470,"date":"2020-08-10T18:48:33","date_gmt":"2020-08-10T21:48:33","guid":{"rendered":"https:\/\/diarioregionaldigital.com.br\/?p=166470"},"modified":"2020-08-10T18:48:33","modified_gmt":"2020-08-10T21:48:33","slug":"residencia-pega-fogo-no-eldorado","status":"publish","type":"post","link":"https:\/\/diarioregionaldigital.com.br\/?p=166470","title":{"rendered":"Resid\u00eancia pega fogo no Eldorado"},"content":{"rendered":"<p>O Corpo de Bombeiros Militar de Juiz de Fora, atenderam a uma ocorr\u00eancia da manh\u00e3 desta segunda-feira (10), sobre inc\u00eandio em uma resid\u00eancia localizada na Rua S\u00e3o Jo\u00e3o Del Rei no Bairro Eldorado (Regi\u00e3o Nordeste). <span style=\"font-weight: 400;\">Foram empenhadas cinco viaturas com um total de quatorze bombeiros. Quando as viaturas chegaram no local, o terra\u00e7o da resid\u00eancia estava totalmente em chamas. As guarni\u00e7\u00f5es de bombeiros rapidamente efetuaram as buscas por poss\u00edveis v\u00edtimas, por\u00e9m n\u00e3o havia ningu\u00e9m na casa e os vizinhos n\u00e3o foram afetados pela grande quantidade de fuma\u00e7a liberada pelo inc\u00eandio. <\/span><\/p>\n<p><span style=\"font-weight: 400;\">O combate ao fogo teve 2 horas de dura\u00e7\u00e3o e toda a estrutura met\u00e1lica da cobertura ficou danificada e aparentemente as resid\u00eancias ao redor, n\u00e3o foram atingidas pelas chamas. Segundo informa\u00e7\u00f5es do Corpo de Bombeiros, n\u00e3o se sabe a causa do inc\u00eandio e a <\/span><span style=\"font-weight: 400;\">Defesa Civil e a per\u00edcia da Pol\u00edcia Civil foram acionadas.<\/span><\/p>\n","protected":false},"excerpt":{"rendered":"<p>O Corpo de Bombeiros Militar de Juiz de Fora, atenderam a uma ocorr\u00eancia da manh\u00e3 desta segunda-feira (10), sobre inc\u00eandio em uma resid\u00eancia localizada na Rua S\u00e3o Jo\u00e3o Del Rei no Bairro Eldorado (Regi\u00e3o Nordeste). Foram empenhadas cinco viaturas com um total de quatorze bombeiros. Quando as viaturas chegaram no local, o terra\u00e7o da resid\u00eancia [&hellip;]<\/p>\n","protected":false},"author":96,"featured_media":166471,"comment_status":"closed","ping_status":"closed","sticky":false,"template":"","format":"standard","meta":{"footnotes":""},"categories":[253,436,439],"tags":[],"class_list":["post-166470","post","type-post","status-publish","format-standard","has-post-thumbnail","hentry","category-cidade","category-destaque-da-semana","category-ultima-hora"],"_links":{"self":[{"href":"https:\/\/diarioregionaldigital.com.br\/index.php?rest_route=\/wp\/v2\/posts\/166470","targetHints":{"allow":["GET"]}}],"collection":[{"href":"https:\/\/diarioregionaldigital.com.br\/index.php?rest_route=\/wp\/v2\/posts"}],"about":[{"href":"https:\/\/diarioregionaldigital.com.br\/index.php?rest_route=\/wp\/v2\/types\/post"}],"author":[{"embeddable":true,"href":"https:\/\/diarioregionaldigital.com.br\/index.php?rest_route=\/wp\/v2\/users\/96"}],"replies":[{"embeddable":true,"href":"https:\/\/diarioregionaldigital.com.br\/index.php?rest_route=%2Fwp%2Fv2%2Fcomments&post=166470"}],"version-history":[{"count":0,"href":"https:\/\/diarioregionaldigital.com.br\/index.php?rest_route=\/wp\/v2\/posts\/166470\/revisions"}],"wp:featuredmedia":[{"embeddable":true,"href":"https:\/\/diarioregionaldigital.com.br\/index.php?rest_route=\/wp\/v2\/media\/166471"}],"wp:attachment":[{"href":"https:\/\/diarioregionaldigital.com.br\/index.php?rest_route=%2Fwp%2Fv2%2Fmedia&parent=166470"}],"wp:term":[{"taxonomy":"category","embeddable":true,"href":"https:\/\/diarioregionaldigital.com.br\/index.php?rest_route=%2Fwp%2Fv2%2Fcategories&post=166470"},{"taxonomy":"post_tag","embeddable":true,"href":"https:\/\/diarioregionaldigital.com.br\/index.php?rest_route=%2Fwp%2Fv2%2Ftags&post=166470"}],"curies":[{"name":"wp","href":"https:\/\/api.w.org\/{rel}","templated":true}]}}