{"id":166467,"date":"2020-08-10T18:43:14","date_gmt":"2020-08-10T21:43:14","guid":{"rendered":"https:\/\/diarioregionaldigital.com.br\/?p=166467"},"modified":"2020-08-10T18:43:14","modified_gmt":"2020-08-10T21:43:14","slug":"redemoinho-funalfa-inicia-cadastro-de-participantes-para-debate-sobre-folclore","status":"publish","type":"post","link":"https:\/\/diarioregionaldigital.com.br\/?p=166467","title":{"rendered":"\u201cRedemoinho\u201d &#8211; Funalfa inicia cadastro de participantes para debate sobre folclore"},"content":{"rendered":"<p>Come\u00e7a nesta ter\u00e7a-feira, 11, o cadastro de pessoas interessadas em participar da edi\u00e7\u00e3o de agosto do projeto \u201cRedemoinho \u2013 Di\u00e1logos que Transformam\u201d. A roda de conversa, promovida pela Funda\u00e7\u00e3o Cultural \u201cAlfredo Ferreira Lage\u201d (Funalfa), por meio da Biblioteca Municipal \u201cMurilo Mendes\u201d, ser\u00e1 no dia 22, \u00e0s 16 horas, com o tema \u201cFolclore: Cultura Popular \u00e9 Cultura?\u201d. Esse \u00e9 o terceiro encontro virtual do \u201cRedemoinho\u201d, realizado por meio do aplicativo Meet, que pode ser baixado gratuitamente. Os interessados devem se inscrever no\u00a0<a href=\"https:\/\/forms.gle\/C78rY1eYp8J22rxt9\">link<\/a>\u00a0at\u00e9 as 12 horas do dia do encontro.<\/p>\n<p>O cadastro pr\u00e9vio \u00e9 parte do protocolo de seguran\u00e7a adotado pela Funalfa, para evitar invas\u00f5es como a registrada em junho, quando um ataque racista e fascista provocou a interrup\u00e7\u00e3o da roda de conversa sobre igualdade racial. O tema voltou a ser debatido na semana seguinte.<\/p>\n<p>Em agosto, quando o projeto completa um ano de lan\u00e7amento, o tema est\u00e1 ligado ao \u201cDia do Folclore\u201d, 22, e busca desconstruir o preconceito contra o conhecimento popular, muitas vezes visto como sin\u00f4nimo de cultura desprovida de valor, sem lastro cient\u00edfico ou elabora\u00e7\u00e3o intelectual.<\/p>\n<p>\u201cEtimologicamente, a palavra folclore \u00e9 a jun\u00e7\u00e3o de dois termos: \u00b4folk`, que significa povo, e \u00b4lore`, sin\u00f4nimo de sabedoria ou aprendizado. Ent\u00e3o, chamamos de folclore a sabedoria popular\u201d, explicou a jornalista Thais P\u00edfano, funcion\u00e1ria da Biblioteca Municipal e produtora do projeto: \u201cQueremos debater as culturas populares e discutir o que legitima uma manifesta\u00e7\u00e3o com o cultura\u201d.<\/p>\n<p><strong>Fonte:\u00a0<\/strong>Assessoria<\/p>\n","protected":false},"excerpt":{"rendered":"<p>Come\u00e7a nesta ter\u00e7a-feira, 11, o cadastro de pessoas interessadas em participar da edi\u00e7\u00e3o de agosto do projeto \u201cRedemoinho \u2013 Di\u00e1logos que Transformam\u201d. A roda de conversa, promovida pela Funda\u00e7\u00e3o Cultural \u201cAlfredo Ferreira Lage\u201d (Funalfa), por meio da Biblioteca Municipal \u201cMurilo Mendes\u201d, ser\u00e1 no dia 22, \u00e0s 16 horas, com o tema \u201cFolclore: Cultura Popular \u00e9 [&hellip;]<\/p>\n","protected":false},"author":96,"featured_media":166468,"comment_status":"closed","ping_status":"closed","sticky":false,"template":"","format":"standard","meta":{"footnotes":""},"categories":[256,436,439],"tags":[],"class_list":["post-166467","post","type-post","status-publish","format-standard","has-post-thumbnail","hentry","category-cultura","category-destaque-da-semana","category-ultima-hora"],"_links":{"self":[{"href":"https:\/\/diarioregionaldigital.com.br\/index.php?rest_route=\/wp\/v2\/posts\/166467","targetHints":{"allow":["GET"]}}],"collection":[{"href":"https:\/\/diarioregionaldigital.com.br\/index.php?rest_route=\/wp\/v2\/posts"}],"about":[{"href":"https:\/\/diarioregionaldigital.com.br\/index.php?rest_route=\/wp\/v2\/types\/post"}],"author":[{"embeddable":true,"href":"https:\/\/diarioregionaldigital.com.br\/index.php?rest_route=\/wp\/v2\/users\/96"}],"replies":[{"embeddable":true,"href":"https:\/\/diarioregionaldigital.com.br\/index.php?rest_route=%2Fwp%2Fv2%2Fcomments&post=166467"}],"version-history":[{"count":0,"href":"https:\/\/diarioregionaldigital.com.br\/index.php?rest_route=\/wp\/v2\/posts\/166467\/revisions"}],"wp:featuredmedia":[{"embeddable":true,"href":"https:\/\/diarioregionaldigital.com.br\/index.php?rest_route=\/wp\/v2\/media\/166468"}],"wp:attachment":[{"href":"https:\/\/diarioregionaldigital.com.br\/index.php?rest_route=%2Fwp%2Fv2%2Fmedia&parent=166467"}],"wp:term":[{"taxonomy":"category","embeddable":true,"href":"https:\/\/diarioregionaldigital.com.br\/index.php?rest_route=%2Fwp%2Fv2%2Fcategories&post=166467"},{"taxonomy":"post_tag","embeddable":true,"href":"https:\/\/diarioregionaldigital.com.br\/index.php?rest_route=%2Fwp%2Fv2%2Ftags&post=166467"}],"curies":[{"name":"wp","href":"https:\/\/api.w.org\/{rel}","templated":true}]}}