{"id":166464,"date":"2020-08-10T18:41:44","date_gmt":"2020-08-10T21:41:44","guid":{"rendered":"https:\/\/diarioregionaldigital.com.br\/?p=166464"},"modified":"2020-08-10T18:41:44","modified_gmt":"2020-08-10T21:41:44","slug":"fiscalizacao-a-bares-e-restaurantes-segue-em-juiz-de-fora","status":"publish","type":"post","link":"https:\/\/diarioregionaldigital.com.br\/?p=166464","title":{"rendered":"Fiscaliza\u00e7\u00e3o a bares e restaurantes segue em Juiz de Fora"},"content":{"rendered":"<p>Apesar da readequa\u00e7\u00e3o feita pelo Governo do estado no Programa \u201cMinas Consciente\u201d, e da progress\u00e3o do Munic\u00edpio \u00e0 \u201conda amarela\u201d, os bares seguem proibidos de abrir para consumo de bebidas no local, sendo autorizadas apenas as modalidades de delivery e retirada no balc\u00e3o. Bem como os restaurantes, t\u00eam hor\u00e1rio de funcionamento permitido de segunda-feira a s\u00e1bado, das 11 \u00e0s 15 horas. Assim, o trabalho de fiscaliza\u00e7\u00e3o ao cumprimento das normas de restri\u00e7\u00e3o a estes estabelecimentos, durante este per\u00edodo de pandemia do coronav\u00edrus em Juiz de Fora, segue sendo realizado normalmente. Entre a \u00faltima quinta-feira, 6, e domingo, 9, 140 estabelecimentos, em 25 bairros, foram visitados para verifica\u00e7\u00e3o de den\u00fancias recebidas. Os propriet\u00e1rios de dez deles receberam notifica\u00e7\u00f5es e dois tiveram interdi\u00e7\u00e3o total das atividades, devido \u00e0 reincid\u00eancia na pr\u00e1tica de irregulares.<\/p>\n<p>Na noite de quinta-feira, 6, a a\u00e7\u00e3o conjunta notificou um bar no Bairro S\u00e3o Mateus, por estar atendendo clientes para consumo de bebidas alco\u00f3licas. Na sexta-feira, 7, houve tr\u00eas registros, sendo dois de interdi\u00e7\u00e3o, uma no Morro da Gl\u00f3ria e outra no Mariano Proc\u00f3pio, al\u00e9m de uma notifica\u00e7\u00e3o \u00e0 padaria na Rua Santo Ant\u00f4nio, Centro, que se encontrava com disposi\u00e7\u00e3o de mesas e cadeiras na cal\u00e7ada. No s\u00e1bado, 8, mais tr\u00eas notifica\u00e7\u00f5es foram feitas: duas no Aeroporto e uma no Borboleta. O domingo, 9, fechou com total de cinco notifica\u00e7\u00f5es expedi das, dua s no Vitorino Braga, uma no Graja\u00fa, uma no Recanto dos Lagos e outra no Filgueiras.<\/p>\n<p>As equipes formadas por fiscais de posturas, guardas municipais e agentes de transporte e tr\u00e2nsito percorreram as regi\u00f5es do Centro e dos bairros Alto dos Passos, Paineiras, S\u00e3o Mateus, Granbery, Po\u00e7o Rico, Mariano Proc\u00f3pio, Costa Carvalho, Lourdes, Morro da Gl\u00f3ria, Jardim Laranjeiras, Borboleta, Ipiranga, Jardim de Al\u00e1, Filgueiras, Parque Independ\u00eancia, Parque Guarani, Granjas Bet\u00e2nia, Grama, Recanto dos Lagos, Vitorino Braga, Manoel Hon\u00f3rio, Marumbi, Progresso e Santa Terezinha.<\/p>\n<p>O empenho acontece de maneira regular, em resposta \u00e0 demanda da comunidade por a\u00e7\u00f5es sobre estabelecimentos infratores. Toda liga\u00e7\u00e3o feita aos canais de den\u00fancia \u00e9 registrada para atendimento posterior, seguindo ordem de prioridade. Planejamento \u00e9 montado para a checagem das informa\u00e7\u00f5es. A equipe de ronda vai at\u00e9 o endere\u00e7o indicado e faz a abordagem do respons\u00e1vel.<\/p>\n<p>As den\u00fancias podem ser feitas \u00e0 Secretaria de Meio Ambiente e Ordenamento Urbano (Semaur), pelo telefone 3690-7507, de segunda a sexta-feira, de 8 \u00e0s 12 horas e de 14 as 18 horas; \u00e0 Central da Guarda Municipal, no 153; e ao canal de Ouvidoria do Munic\u00edpio, \u201cFala.BR\u201d.<\/p>\n<p><strong>Fonte:\u00a0<\/strong>Assessoria<\/p>\n","protected":false},"excerpt":{"rendered":"<p>Apesar da readequa\u00e7\u00e3o feita pelo Governo do estado no Programa \u201cMinas Consciente\u201d, e da progress\u00e3o do Munic\u00edpio \u00e0 \u201conda amarela\u201d, os bares seguem proibidos de abrir para consumo de bebidas no local, sendo autorizadas apenas as modalidades de delivery e retirada no balc\u00e3o. Bem como os restaurantes, t\u00eam hor\u00e1rio de funcionamento permitido de segunda-feira a [&hellip;]<\/p>\n","protected":false},"author":96,"featured_media":166465,"comment_status":"closed","ping_status":"closed","sticky":false,"template":"","format":"standard","meta":{"footnotes":""},"categories":[253,436,439],"tags":[],"class_list":["post-166464","post","type-post","status-publish","format-standard","has-post-thumbnail","hentry","category-cidade","category-destaque-da-semana","category-ultima-hora"],"_links":{"self":[{"href":"https:\/\/diarioregionaldigital.com.br\/index.php?rest_route=\/wp\/v2\/posts\/166464","targetHints":{"allow":["GET"]}}],"collection":[{"href":"https:\/\/diarioregionaldigital.com.br\/index.php?rest_route=\/wp\/v2\/posts"}],"about":[{"href":"https:\/\/diarioregionaldigital.com.br\/index.php?rest_route=\/wp\/v2\/types\/post"}],"author":[{"embeddable":true,"href":"https:\/\/diarioregionaldigital.com.br\/index.php?rest_route=\/wp\/v2\/users\/96"}],"replies":[{"embeddable":true,"href":"https:\/\/diarioregionaldigital.com.br\/index.php?rest_route=%2Fwp%2Fv2%2Fcomments&post=166464"}],"version-history":[{"count":0,"href":"https:\/\/diarioregionaldigital.com.br\/index.php?rest_route=\/wp\/v2\/posts\/166464\/revisions"}],"wp:featuredmedia":[{"embeddable":true,"href":"https:\/\/diarioregionaldigital.com.br\/index.php?rest_route=\/wp\/v2\/media\/166465"}],"wp:attachment":[{"href":"https:\/\/diarioregionaldigital.com.br\/index.php?rest_route=%2Fwp%2Fv2%2Fmedia&parent=166464"}],"wp:term":[{"taxonomy":"category","embeddable":true,"href":"https:\/\/diarioregionaldigital.com.br\/index.php?rest_route=%2Fwp%2Fv2%2Fcategories&post=166464"},{"taxonomy":"post_tag","embeddable":true,"href":"https:\/\/diarioregionaldigital.com.br\/index.php?rest_route=%2Fwp%2Fv2%2Ftags&post=166464"}],"curies":[{"name":"wp","href":"https:\/\/api.w.org\/{rel}","templated":true}]}}