{"id":166453,"date":"2020-08-10T17:02:18","date_gmt":"2020-08-10T20:02:18","guid":{"rendered":"https:\/\/diarioregionaldigital.com.br\/?p=166453"},"modified":"2020-09-16T10:37:35","modified_gmt":"2020-09-16T13:37:35","slug":"grupo-de-pesquisadores-da-ufjf-estuda-linhagens-de-sars-cov-2","status":"publish","type":"post","link":"https:\/\/diarioregionaldigital.com.br\/?p=166453","title":{"rendered":"Grupo de pesquisadores da UFJF estuda linhagens de Sars-Cov-2"},"content":{"rendered":"<p><span style=\"font-weight: 400;\">O grupo de pesquisadores da Universidade Federal de Juiz de Fora (UFJF), estudam atrav\u00e9s de uma rede de pesquisa, as linhagens de Sars-Cov 2 circulantes na regi\u00e3o da Zona da Mata, com objetivo de compreender os aspectos epidemiol\u00f3gicos, biol\u00f3gicos e patog\u00eanicos do coronav\u00edrus na regi\u00e3o.<\/span><\/p>\n<p><span style=\"font-weight: 400;\">O estudo das linhagens \u00e9 feito atrav\u00e9s das amostras colhidas dos testes RT-qPCR para detectar Covid-19. Os referidos testes s\u00e3o feitos em parceria da UFJF com a Prefeitura de Juiz de Fora (PJF) e todo o processo \u00e9 feito por interm\u00e9dio do SUS.\u00a0<\/span><\/p>\n<p><span style=\"font-weight: 400;\">A equipe \u00e9 a mesma que colocou a UFJF na corrida pela produ\u00e7\u00e3o da vacina contra o Coronav\u00edrus e tamb\u00e9m \u00e9 respons\u00e1vel pela coordena\u00e7\u00e3o de pesquisas focadas em minimizar o impacto da Covid-19 no sistema respirat\u00f3rio de pacientes graves.<\/span><\/p>\n<p><span style=\"font-weight: 400;\">Conforme os pesquisadores, o estudo das linhagens do Sars-Cov 2, ir\u00e1 permitir compreender quais s\u00e3o os padr\u00f5es de conserva\u00e7\u00e3o, as altera\u00e7\u00f5es gen\u00e9ticas, a evolu\u00e7\u00e3o no organismo humano, as peculiaridades e a variabilidade do Sars-Cov-2 transmitido na regi\u00e3o. Al\u00e9m disso, os estudos permitem adquirir informa\u00e7\u00f5es cruciais, contribuindo inclusive para ado\u00e7\u00e3o de novas medidas de conten\u00e7\u00e3o da pandemia do Covid-19.<\/span><\/p>\n<p><span style=\"font-weight: 400;\">O pesquisador do Instituto de Ci\u00eancias Biol\u00f3gicas (ICB) e integrante da rede de pesquisa, Aripuan\u00e3 Watanabe, explica como que a an\u00e1lise das linhagens \u00e9 feita durante o estudo:<\/span><\/p>\n<p><span style=\"font-weight: 400;\">\u201cN\u00f3s fazemos o sequenciamento gen\u00e9tico dos v\u00edrus circulantes na regi\u00e3o para, ent\u00e3o, sabermos se eles s\u00e3o iguais aos que circulam em outras localidades do Brasil \u2013 ou at\u00e9 mesmo em outros pa\u00edses \u2013, ou se j\u00e1 \u00e9 poss\u00edvel observar uma linhagem local. At\u00e9 o momento, n\u00e3o h\u00e1 indica\u00e7\u00f5es de que o v\u00edrus est\u00e1 sofrendo muta\u00e7\u00f5es suficientes para adquirir caracter\u00edsticas mais agressivas ou vantagens replicativas.\u201d<\/span><\/p>\n<p><span style=\"font-weight: 400;\">Para o professor e coordenador do projeto, Cl\u00e1udio Diniz, o cen\u00e1rio atual da pandemia, faz com que os estudos sobre as linhagens do Sars-Cov-2 sejam cada vez mais urgentes \u201cTodas essas s\u00e3o informa\u00e7\u00f5es cruciais para a forma\u00e7\u00e3o de pol\u00edticas de conten\u00e7\u00e3o da doen\u00e7a e das consequ\u00eancias relacionadas.\u201d<\/span><\/p>\n<p><span style=\"font-weight: 400;\">As linhas de estudo s\u00e3o desenvolvidas com apoio da Funda\u00e7\u00e3o de Amparo \u00e0 Pesquisa do Estado de Minas Gerais (Fapemig) e da Secretaria de Desenvolvimento Econ\u00f4mico do Estado de Minas Gerais, em parceria com profissionais da Empresa Brasileira de Pesquisa Agropecu\u00e1ria (Embrapa), da Universidade de S\u00e3o Paulo (USP) e da Universidade do Estado do Mato Grosso (Unemat). Na UFJF, integram a equipe os professores Aripuan\u00e3 Watanabe, Alessandra Machado, Cl\u00e1udio Diniz, Vanessa Dias e V\u00e2nia L\u00facia da Silva, todos vinculados ao Centro de Estudos em Microbiologia (Cemic), parte do ICB da UFJF.<\/span><\/p>\n<p>&nbsp;<\/p>\n","protected":false},"excerpt":{"rendered":"<p>O grupo de pesquisadores da Universidade Federal de Juiz de Fora (UFJF), estudam atrav\u00e9s de uma rede de pesquisa, as linhagens de Sars-Cov 2 circulantes na regi\u00e3o da Zona da Mata, com objetivo de compreender os aspectos epidemiol\u00f3gicos, biol\u00f3gicos e patog\u00eanicos do coronav\u00edrus na regi\u00e3o. O estudo das linhagens \u00e9 feito atrav\u00e9s das amostras colhidas [&hellip;]<\/p>\n","protected":false},"author":96,"featured_media":166454,"comment_status":"closed","ping_status":"closed","sticky":false,"template":"","format":"standard","meta":{"footnotes":""},"categories":[253,436,440,439],"tags":[],"class_list":["post-166453","post","type-post","status-publish","format-standard","has-post-thumbnail","hentry","category-cidade","category-destaque-da-semana","category-destaques-do-dia","category-ultima-hora"],"_links":{"self":[{"href":"https:\/\/diarioregionaldigital.com.br\/index.php?rest_route=\/wp\/v2\/posts\/166453","targetHints":{"allow":["GET"]}}],"collection":[{"href":"https:\/\/diarioregionaldigital.com.br\/index.php?rest_route=\/wp\/v2\/posts"}],"about":[{"href":"https:\/\/diarioregionaldigital.com.br\/index.php?rest_route=\/wp\/v2\/types\/post"}],"author":[{"embeddable":true,"href":"https:\/\/diarioregionaldigital.com.br\/index.php?rest_route=\/wp\/v2\/users\/96"}],"replies":[{"embeddable":true,"href":"https:\/\/diarioregionaldigital.com.br\/index.php?rest_route=%2Fwp%2Fv2%2Fcomments&post=166453"}],"version-history":[{"count":0,"href":"https:\/\/diarioregionaldigital.com.br\/index.php?rest_route=\/wp\/v2\/posts\/166453\/revisions"}],"wp:featuredmedia":[{"embeddable":true,"href":"https:\/\/diarioregionaldigital.com.br\/index.php?rest_route=\/wp\/v2\/media\/166454"}],"wp:attachment":[{"href":"https:\/\/diarioregionaldigital.com.br\/index.php?rest_route=%2Fwp%2Fv2%2Fmedia&parent=166453"}],"wp:term":[{"taxonomy":"category","embeddable":true,"href":"https:\/\/diarioregionaldigital.com.br\/index.php?rest_route=%2Fwp%2Fv2%2Fcategories&post=166453"},{"taxonomy":"post_tag","embeddable":true,"href":"https:\/\/diarioregionaldigital.com.br\/index.php?rest_route=%2Fwp%2Fv2%2Ftags&post=166453"}],"curies":[{"name":"wp","href":"https:\/\/api.w.org\/{rel}","templated":true}]}}