{"id":166447,"date":"2020-08-10T16:13:59","date_gmt":"2020-08-10T19:13:59","guid":{"rendered":"https:\/\/diarioregionaldigital.com.br\/?p=166447"},"modified":"2020-08-10T16:13:59","modified_gmt":"2020-08-10T19:13:59","slug":"iluminacao-publica-intensifica-trabalho-e-reduz-em-mais-de-60-demanda-reprimida","status":"publish","type":"post","link":"https:\/\/diarioregionaldigital.com.br\/?p=166447","title":{"rendered":"Ilumina\u00e7\u00e3o p\u00fablica intensifica trabalho e reduz em mais de 60% demanda reprimida"},"content":{"rendered":"<p>O servi\u00e7o de manuten\u00e7\u00e3o de ilumina\u00e7\u00e3o p\u00fablica da Prefeitura de Juiz de Fora (PJF) foi retomado em 4 de maio, com demanda reprimida de 1.689 pontos. Nestes tr\u00eas meses, o setor el\u00e9trico da Empresa Municipal de Pavimenta\u00e7\u00e3o e Urbaniza\u00e7\u00e3o (Empav), respons\u00e1vel pela atividade, trabalhou para atender essa defasagem, paralelamente \u00e0s novas solicita\u00e7\u00f5es. Hoje, a demanda \u00e9 de 670 pontos, ou seja, houve redu\u00e7\u00e3o de mais de 60%.<\/p>\n<p>\u201cPara isso, trabalhamos aos s\u00e1bados e feriados nesse per\u00edodo, com quantitativo de equipes previsto para atuar no modelo de manuten\u00e7\u00e3o di\u00e1ria, sem demanda reprimida. Nossa inten\u00e7\u00e3o \u00e9 finalizar integralmente essa demanda o mais r\u00e1pido poss\u00edvel, e voltarmos a atender como fizemos entre 2015 e 2019, com prazo m\u00e1ximo de 48 horas \u00fateis em \u00e1rea urbana\u201d, ressaltou o chefe do setor, o engenheiro Wilson Ferrareze.<\/p>\n<p>Nestes tr\u00eas meses, 6.004 pontos de ilumina\u00e7\u00e3o de 243 bairros (ver gr\u00e1fico em anexo) passaram por manuten\u00e7\u00e3o. As \u00e1reas com mais solicita\u00e7\u00f5es\/atendimentos foram o Centro e os bairros S\u00e3o Pedro, Monte Castelo, S\u00e3o Mateus, Nova Era, S\u00e3o Judas Tadeu, Linhares, Santa Luzia, Santa Cruz, Filgueiras, J\u00f3quei Clube, Bandeirantes e Aeroporto, todos com mais de cem pontos substitu\u00eddos no per\u00edodo.<\/p>\n<p>Desde julho, o n\u00famero de solicita\u00e7\u00f5es atendidas tem sido, em sua maioria, superior ao de reclama\u00e7\u00f5es registradas. Na \u00faltima semana, entre os dias 3 e 6, por exemplo, as solicita\u00e7\u00f5es giraram em torno de 50, e os atendimentos pr\u00f3ximos de cem\u00a0<b>(confira no gr\u00e1fico em anexo)<\/b>.<\/p>\n<p><b>Setor el\u00e9trico atua em outras frentes de trabalho<\/b><\/p>\n<p>O setor el\u00e9trico n\u00e3o se restringe \u00e0 presta\u00e7\u00e3o de servi\u00e7os de manuten\u00e7\u00e3o de ilumina\u00e7\u00e3o p\u00fablica. Cabe a ele tamb\u00e9m a expans\u00e3o e melhoria deste sistema, com amplia\u00e7\u00e3o do fluxo luminoso e manuten\u00e7\u00e3o das instala\u00e7\u00f5es el\u00e9tricas dos pr\u00e9dios municipais e unidades da administra\u00e7\u00e3o, como Museu \u201cMariano Proc\u00f3pio\u201d, Est\u00e1dio Municipal \u201cRadialista M\u00e1rio Hel\u00eanio\u201d, unidades de sa\u00fade, escolas municipais, pra\u00e7as, parques e jardins.<\/p>\n<p>\u201cNo momento, estamos executando a alimenta\u00e7\u00e3o para a nova unidade de atendimento \u00e0 dengue, a instala\u00e7\u00e3o de novos equipamentos do Canil Municipal, a rede el\u00e9trica para ilumina\u00e7\u00e3o do Viaduto \u201cEngenheiro Renato Jos\u00e9 Abramo\u201d, no Bairro Po\u00e7o Rico e a recupera\u00e7\u00e3o das instala\u00e7\u00f5es el\u00e9tricas do Horto Municipal, e finalizamos as a\u00e7\u00f5es de efici\u00eancia energ\u00e9tica do pr\u00e9dio sede da Prefeitura, com substitui\u00e7\u00e3o de toda ilumina\u00e7\u00e3o por l\u00e2mpadas a led, projeto elaborado pelo setor e aprovado no Programa de Efici\u00eancia Energ\u00e9tica da Companhia Energ\u00e9tica de Minas Gerais (Cemig)\/Ag\u00eancia Nacional de Energia El\u00e9trica (Aneel)\u201d, enumerou Ferrareze. Ainda esta semana, o setor inicia a reforma completa das instala\u00e7\u00f5es el\u00e9tricas e de ilumina\u00e7\u00e3o do Espa\u00e7o Cidad\u00e3o Centro, no Parque Halfeld.<\/p>\n<p><b>Setor planeja avan\u00e7os tecnol\u00f3gicos para curto, m\u00e9dio e longo prazos<\/b><\/p>\n<p>Visando a melhoria e expans\u00e3o do sistema de ilumina\u00e7\u00e3o p\u00fablica da cidade, j\u00e1 est\u00e1 na Comiss\u00e3o Permanente de Licita\u00e7\u00e3o (CPL) o processo de contrata\u00e7\u00e3o de empresa para atuar no ramo, a fim de iniciar a substitui\u00e7\u00e3o das atuais lumin\u00e1rias equipadas com l\u00e2mpadas de descarga (vapor de s\u00f3dio, merc\u00fario e met\u00e1lico) por lumin\u00e1rias led. Al\u00e9m disso, est\u00e1 em fase final para encaminhamento o projeto b\u00e1sico\/termo de refer\u00eancia para aquisi\u00e7\u00e3o destas lumin\u00e1rias.<\/p>\n<p>\u201cOptamos por segregar a compra das lumin\u00e1rias, a fim de evitar o pagamento de BDI (Benef\u00edcios e Despesas Indiretas) sobre elas, adquirindo-as diretamente dos fabricantes. Tais lumin\u00e1rias j\u00e1 ser\u00e3o implantadas com tecnologia para futura coloca\u00e7\u00e3o do sistema de telegest\u00e3o na cidade\u201d, afirmou o engenheiro. Este sistema permitir\u00e1 redu\u00e7\u00e3o no per\u00edodo de manuten\u00e7\u00e3o e do consumo de energia, controle remoto das lumin\u00e1rias, identifica\u00e7\u00e3o autom\u00e1tica e imediata de ocorr\u00eancias, elimina\u00e7\u00e3o da fiscaliza\u00e7\u00e3o em \u00e1reas de risco, medi\u00e7\u00e3o de consumo, dimeriza\u00e7\u00e3o, configura\u00e7\u00e3o de alertas, redu\u00e7\u00e3o do custo operacional e instala\u00e7\u00e3o de c\u00e2meras de seguran\u00e7a e de sistema wi-fi (internet sem fio).<\/p>\n<p><b>Como solicitar manuten\u00e7\u00e3o da ilumina\u00e7\u00e3o p\u00fablica<\/b><\/p>\n<p>Para resolver problemas de ilumina\u00e7\u00e3o p\u00fablica, como l\u00e2mpada de poste acesa de dia e apagada \u00e0 noite, ou intermitente, o cidad\u00e3o tem tr\u00eas op\u00e7\u00f5es: fazer o pedido atrav\u00e9s do aplicativo Colab, ligar no 3218-3777 ou mandar mensagem de texto no whatsapp 98460-7721 (neste canal n\u00e3o h\u00e1 intera\u00e7\u00e3o. \u00c9 enviada resposta autom\u00e1tica, assim que o pedido for cadastrado). S\u00f3 \u00e9 preciso fazer o pedido uma vez em um dos canais, informando o n\u00famero da placa amarela fixada no bra\u00e7o de luz do poste ou o nome da rua, n\u00famero de refer\u00eancia e bairro.<\/p>\n<p><strong>Fonte:\u00a0<\/strong>Assessoria<\/p>\n","protected":false},"excerpt":{"rendered":"<p>O servi\u00e7o de manuten\u00e7\u00e3o de ilumina\u00e7\u00e3o p\u00fablica da Prefeitura de Juiz de Fora (PJF) foi retomado em 4 de maio, com demanda reprimida de 1.689 pontos. Nestes tr\u00eas meses, o setor el\u00e9trico da Empresa Municipal de Pavimenta\u00e7\u00e3o e Urbaniza\u00e7\u00e3o (Empav), respons\u00e1vel pela atividade, trabalhou para atender essa defasagem, paralelamente \u00e0s novas solicita\u00e7\u00f5es. Hoje, a demanda [&hellip;]<\/p>\n","protected":false},"author":96,"featured_media":166448,"comment_status":"closed","ping_status":"closed","sticky":false,"template":"","format":"standard","meta":{"footnotes":""},"categories":[253,436,439],"tags":[],"class_list":["post-166447","post","type-post","status-publish","format-standard","has-post-thumbnail","hentry","category-cidade","category-destaque-da-semana","category-ultima-hora"],"_links":{"self":[{"href":"https:\/\/diarioregionaldigital.com.br\/index.php?rest_route=\/wp\/v2\/posts\/166447","targetHints":{"allow":["GET"]}}],"collection":[{"href":"https:\/\/diarioregionaldigital.com.br\/index.php?rest_route=\/wp\/v2\/posts"}],"about":[{"href":"https:\/\/diarioregionaldigital.com.br\/index.php?rest_route=\/wp\/v2\/types\/post"}],"author":[{"embeddable":true,"href":"https:\/\/diarioregionaldigital.com.br\/index.php?rest_route=\/wp\/v2\/users\/96"}],"replies":[{"embeddable":true,"href":"https:\/\/diarioregionaldigital.com.br\/index.php?rest_route=%2Fwp%2Fv2%2Fcomments&post=166447"}],"version-history":[{"count":0,"href":"https:\/\/diarioregionaldigital.com.br\/index.php?rest_route=\/wp\/v2\/posts\/166447\/revisions"}],"wp:featuredmedia":[{"embeddable":true,"href":"https:\/\/diarioregionaldigital.com.br\/index.php?rest_route=\/wp\/v2\/media\/166448"}],"wp:attachment":[{"href":"https:\/\/diarioregionaldigital.com.br\/index.php?rest_route=%2Fwp%2Fv2%2Fmedia&parent=166447"}],"wp:term":[{"taxonomy":"category","embeddable":true,"href":"https:\/\/diarioregionaldigital.com.br\/index.php?rest_route=%2Fwp%2Fv2%2Fcategories&post=166447"},{"taxonomy":"post_tag","embeddable":true,"href":"https:\/\/diarioregionaldigital.com.br\/index.php?rest_route=%2Fwp%2Fv2%2Ftags&post=166447"}],"curies":[{"name":"wp","href":"https:\/\/api.w.org\/{rel}","templated":true}]}}