{"id":166438,"date":"2020-08-10T16:05:22","date_gmt":"2020-08-10T19:05:22","guid":{"rendered":"https:\/\/diarioregionaldigital.com.br\/?p=166438"},"modified":"2020-08-10T16:05:22","modified_gmt":"2020-08-10T19:05:22","slug":"iptu-2020-prazo-para-pagamento-da-parcela-de-agosto-vence-nesta-segunda-feira","status":"publish","type":"post","link":"https:\/\/diarioregionaldigital.com.br\/?p=166438","title":{"rendered":"IPTU 2020 \u2013 Prazo para pagamento da parcela de agosto vence nesta segunda-feira"},"content":{"rendered":"<p>Os contribuintes que optaram pelo pagamento parcelado do Imposto Predial e Territorial Urbano (IPTU) 2020 devem ficar atentos ao vencimento da cobran\u00e7a referente a agosto, nesta segunda-feira, 10. Quem n\u00e3o tiver o carn\u00ea do IPTU 2020 poder\u00e1 obter a guia para pagamento no site da Prefeitura de Juiz de Fora (PJF), na aba\u00a0<b>\u201ccidad\u00e3o\u201d<\/b>, link\u00a0<b>IPTU On-line<\/b>\u00a0&gt;\u00a0<b>Emiss\u00e3o do IPTU 2020<\/b>.<\/p>\n<p>Al\u00e9m disso, ap\u00f3s o Munic\u00edpio decretar estado de calamidade p\u00fablica, decorrente da pandemia do novo coronav\u00edrus (covid-19), a PJF, atrav\u00e9s da Lei n\u00ba 14.030\/2020, suspendeu a aplica\u00e7\u00e3o de multa de mora por atraso de pagamento, dos tributos municipais e parcelamentos, incluindo os da campanha de anistia, entre o per\u00edodo de 1\u00ba de abril e 30 de junho. A PJF prorrogou o prazo para pagamento das parcelas que venceriam em abril, maio e junho, para julho, agosto e setembro, respectivamente. Com isso, o vencimento da parcela referente a maio, para aqueles que optaram por adiar o pagamento, ocorrer\u00e1 em 31 de agosto.<\/p>\n<p><b>Onde pagar<\/b><\/p>\n<p>Nos bancos do Brasil, Mercantil do Brasil, Bradesco, Santander, Bancoob e na Caixa Econ\u00f4mica Federal (CEF). As lot\u00e9ricas receber\u00e3o o pagamento de at\u00e9 R$ 2 mil. Acima deste valor, dever\u00e1 ser feito, preferencialmente, pela internet\/office banking do seu banco, ou nos guich\u00eas da CEF, inclusive para os clientes de bancos n\u00e3o credenciados.<\/p>\n<p><strong>Fonte:<\/strong> Assessoria<\/p>\n","protected":false},"excerpt":{"rendered":"<p>Os contribuintes que optaram pelo pagamento parcelado do Imposto Predial e Territorial Urbano (IPTU) 2020 devem ficar atentos ao vencimento da cobran\u00e7a referente a agosto, nesta segunda-feira, 10. Quem n\u00e3o tiver o carn\u00ea do IPTU 2020 poder\u00e1 obter a guia para pagamento no site da Prefeitura de Juiz de Fora (PJF), na aba\u00a0\u201ccidad\u00e3o\u201d, link\u00a0IPTU On-line\u00a0&gt;\u00a0Emiss\u00e3o [&hellip;]<\/p>\n","protected":false},"author":96,"featured_media":166439,"comment_status":"closed","ping_status":"closed","sticky":false,"template":"","format":"standard","meta":{"footnotes":""},"categories":[253,436,440,439],"tags":[],"class_list":["post-166438","post","type-post","status-publish","format-standard","has-post-thumbnail","hentry","category-cidade","category-destaque-da-semana","category-destaques-do-dia","category-ultima-hora"],"_links":{"self":[{"href":"https:\/\/diarioregionaldigital.com.br\/index.php?rest_route=\/wp\/v2\/posts\/166438","targetHints":{"allow":["GET"]}}],"collection":[{"href":"https:\/\/diarioregionaldigital.com.br\/index.php?rest_route=\/wp\/v2\/posts"}],"about":[{"href":"https:\/\/diarioregionaldigital.com.br\/index.php?rest_route=\/wp\/v2\/types\/post"}],"author":[{"embeddable":true,"href":"https:\/\/diarioregionaldigital.com.br\/index.php?rest_route=\/wp\/v2\/users\/96"}],"replies":[{"embeddable":true,"href":"https:\/\/diarioregionaldigital.com.br\/index.php?rest_route=%2Fwp%2Fv2%2Fcomments&post=166438"}],"version-history":[{"count":0,"href":"https:\/\/diarioregionaldigital.com.br\/index.php?rest_route=\/wp\/v2\/posts\/166438\/revisions"}],"wp:featuredmedia":[{"embeddable":true,"href":"https:\/\/diarioregionaldigital.com.br\/index.php?rest_route=\/wp\/v2\/media\/166439"}],"wp:attachment":[{"href":"https:\/\/diarioregionaldigital.com.br\/index.php?rest_route=%2Fwp%2Fv2%2Fmedia&parent=166438"}],"wp:term":[{"taxonomy":"category","embeddable":true,"href":"https:\/\/diarioregionaldigital.com.br\/index.php?rest_route=%2Fwp%2Fv2%2Fcategories&post=166438"},{"taxonomy":"post_tag","embeddable":true,"href":"https:\/\/diarioregionaldigital.com.br\/index.php?rest_route=%2Fwp%2Fv2%2Ftags&post=166438"}],"curies":[{"name":"wp","href":"https:\/\/api.w.org\/{rel}","templated":true}]}}