{"id":166328,"date":"2020-08-07T17:30:29","date_gmt":"2020-08-07T20:30:29","guid":{"rendered":"https:\/\/diarioregionaldigital.com.br\/?p=166328"},"modified":"2020-08-07T17:30:29","modified_gmt":"2020-08-07T20:30:29","slug":"guarda-promove-descontaminacao-contra-coronavirus-em-12-locais-diferentes","status":"publish","type":"post","link":"https:\/\/diarioregionaldigital.com.br\/?p=166328","title":{"rendered":"Guarda promove descontamina\u00e7\u00e3o contra coronav\u00edrus em 12 locais diferentes"},"content":{"rendered":"<p>A equipe da Guarda Municipal (GM), treinada para o servi\u00e7o de descontamina\u00e7\u00e3o operacional, vem atendendo diversos setores p\u00fablicos na cidade. Al\u00e9m do trabalho realizado toda semana na sede da corpora\u00e7\u00e3o, 12 outros locais j\u00e1 foram beneficiados com a profilaxia qu\u00edmica. Entre eles a unidade do Corpo de Bombeiros da Universidade Federal de Juiz de Fora (UFJF), o 4\u00ba Batalh\u00e3o de Bombeiros Militar (4\u00ba BBM), a C\u00e2mara Municipal, as secretarias de Meio Ambiente e Ordenamento Urbano (Semaur) e de Seguran\u00e7a Urbana e Cidadania (Sesuc) e a Vigil\u00e2ncia em Sa\u00fade. Somam-se a estes o trabalho feito em conjunto com o Departamento Municipal de Limpeza Urbana (Demlurb), na Delegacia de Pol\u00edcia Civil, no Col\u00e9gio Tiradentes, nas unidades do Hospital Universit\u00e1rio Santa Catariana e Dom Orione e no Hospital de Pronto Socorro (HPS). Nesta sexta-feira, 7, a sede do Procon tamb\u00e9m foi higienizada.<\/p>\n<p>O processo de descontamina\u00e7\u00e3o busca refor\u00e7ar a preven\u00e7\u00e3o da ocorr\u00eancia da covid-19 em Juiz de Fora, reduzindo a carga biol\u00f3gica em locais de amplo tr\u00e2nsito de profissionais. O trabalho \u00e9 feito com aplica\u00e7\u00e3o de solu\u00e7\u00e3o \u00e0 base de quatern\u00e1rio de am\u00f4nio, composto utilizado com efici\u00eancia na limpeza de \u00e1reas hospitalares. Pulverizado com ajuda de bomba atomizadora, o produto se espalha na forma de n\u00e9voa no ar. Ao cair, as pequenas part\u00edculas, aumentam o potencial de penetrabilidade e de a\u00e7\u00e3o da subst\u00e2ncia. De modo que a poss\u00edvel exist\u00eancia do v\u00edrus nos locais higienizados \u00e9 reduzida.<\/p>\n<p>Os servidores da GM foram treinados, por profissionais do Ex\u00e9rcito, para realiza\u00e7\u00e3o da atividade de apoio ao enfrentamento da pandemia de coronav\u00edrus. Desde a capacita\u00e7\u00e3o, em abril, o trabalho de descontamina\u00e7\u00e3o vem sendo realizado pela equipe, na busca de contribuir para o controle da dissemina\u00e7\u00e3o v\u00edrus em nossa cidade. A a\u00e7\u00e3o \u00e9 executada sob condi\u00e7\u00e3o de fornecimento de insumos para a sua realiza\u00e7\u00e3o e agendamento junto ao comando da Guarda Municipal.<\/p>\n<p>Todo o trabalho atende os protocolos de seguran\u00e7a para os integrantes da GM envolvidos na a\u00e7\u00e3o. Macac\u00f5es, capas, luvas e m\u00e1scaras s\u00e3o equipamentos de prote\u00e7\u00e3o individual obrigat\u00f3rios. Al\u00e9m do manuseio cuidadoso durante o processo de limpeza, a equipe mant\u00e9m condutas met\u00f3dicas quanto \u00e0 pr\u00f3pria descontamina\u00e7\u00e3o de vestu\u00e1rio e instrumentais ap\u00f3s a atividade.<\/p>\n<p><strong>Fonte:<\/strong> Assessoria<\/p>\n","protected":false},"excerpt":{"rendered":"<p>A equipe da Guarda Municipal (GM), treinada para o servi\u00e7o de descontamina\u00e7\u00e3o operacional, vem atendendo diversos setores p\u00fablicos na cidade. Al\u00e9m do trabalho realizado toda semana na sede da corpora\u00e7\u00e3o, 12 outros locais j\u00e1 foram beneficiados com a profilaxia qu\u00edmica. Entre eles a unidade do Corpo de Bombeiros da Universidade Federal de Juiz de Fora [&hellip;]<\/p>\n","protected":false},"author":96,"featured_media":166329,"comment_status":"closed","ping_status":"closed","sticky":false,"template":"","format":"standard","meta":{"footnotes":""},"categories":[253,436,439],"tags":[],"class_list":["post-166328","post","type-post","status-publish","format-standard","has-post-thumbnail","hentry","category-cidade","category-destaque-da-semana","category-ultima-hora"],"_links":{"self":[{"href":"https:\/\/diarioregionaldigital.com.br\/index.php?rest_route=\/wp\/v2\/posts\/166328","targetHints":{"allow":["GET"]}}],"collection":[{"href":"https:\/\/diarioregionaldigital.com.br\/index.php?rest_route=\/wp\/v2\/posts"}],"about":[{"href":"https:\/\/diarioregionaldigital.com.br\/index.php?rest_route=\/wp\/v2\/types\/post"}],"author":[{"embeddable":true,"href":"https:\/\/diarioregionaldigital.com.br\/index.php?rest_route=\/wp\/v2\/users\/96"}],"replies":[{"embeddable":true,"href":"https:\/\/diarioregionaldigital.com.br\/index.php?rest_route=%2Fwp%2Fv2%2Fcomments&post=166328"}],"version-history":[{"count":0,"href":"https:\/\/diarioregionaldigital.com.br\/index.php?rest_route=\/wp\/v2\/posts\/166328\/revisions"}],"wp:featuredmedia":[{"embeddable":true,"href":"https:\/\/diarioregionaldigital.com.br\/index.php?rest_route=\/wp\/v2\/media\/166329"}],"wp:attachment":[{"href":"https:\/\/diarioregionaldigital.com.br\/index.php?rest_route=%2Fwp%2Fv2%2Fmedia&parent=166328"}],"wp:term":[{"taxonomy":"category","embeddable":true,"href":"https:\/\/diarioregionaldigital.com.br\/index.php?rest_route=%2Fwp%2Fv2%2Fcategories&post=166328"},{"taxonomy":"post_tag","embeddable":true,"href":"https:\/\/diarioregionaldigital.com.br\/index.php?rest_route=%2Fwp%2Fv2%2Ftags&post=166328"}],"curies":[{"name":"wp","href":"https:\/\/api.w.org\/{rel}","templated":true}]}}