{"id":166325,"date":"2020-08-07T17:19:14","date_gmt":"2020-08-07T20:19:14","guid":{"rendered":"https:\/\/diarioregionaldigital.com.br\/?p=166325"},"modified":"2020-08-07T17:19:14","modified_gmt":"2020-08-07T20:19:14","slug":"pjf-recebe-quase-quatro-mil-resultados-de-exames-covid-19-da-ufjf","status":"publish","type":"post","link":"https:\/\/diarioregionaldigital.com.br\/?p=166325","title":{"rendered":"PJF recebe quase quatro mil resultados de exames covid-19 da UFJF"},"content":{"rendered":"<p><span style=\"font-weight: 400;\">O Departamento de Vigil\u00e2ncia Epidemiol\u00f3gica e Ambiental (Dvea), da Secretaria de Sa\u00fade (SS) da Prefeitura de Juiz de Fora (PJF), recebeu mais 291 exames de covid-19 entre 30 de julho e 6 agosto, totalizando 3.934. Desses, 1.188 atestaram positivo, o que corresponde a mais 69 no mesmo per\u00edodo. Os resultados s\u00e3o das amostras analisadas pelos laborat\u00f3rios do Instituto de Ci\u00eancias Biol\u00f3gicas e da Faculdade de Farm\u00e1cia da Universidade Federal de Juiz de Fora (UFJF). Desde abril, vigora parceria entre Prefeitura e Universidade, com o credenciamento dos laborat\u00f3rios para realiza\u00e7\u00e3o dos testes, ap\u00f3s inspe\u00e7\u00e3o da Vigil\u00e2ncia Sanit\u00e1ria.<\/span><\/p>\n<p><span style=\"font-weight: 400;\">O exame, gratuito, \u00e9 destinado a profissionais de sa\u00fade sintom\u00e1ticos, entre o terceiro e o d\u00e9cimo dia de sintomas; todos os pacientes internados em \u201cleitos covid\u201d, pactuados com o Munic\u00edpio, e os atendidos na aten\u00e7\u00e3o b\u00e1sica, em situa\u00e7\u00e3o de vulnerabilidade, ou seja, pessoas acima de 65 anos, cuidadores de idosos, diab\u00e9ticos, hipertensos descompensados e obesos. Tamb\u00e9m para servidores sintom\u00e1ticos da seguran\u00e7a p\u00fablica, do Departamento Municipal de Limpeza P\u00fablica (Demlurb), da Companhia de Saneamento Municipal (Cesama), dos centros de Refer\u00eancia de Assist\u00eancia Social (Cras) e Especializado de Assist\u00eancia Social (Creas) e dos demais servi\u00e7os de assist\u00eancia social que prestam atendimento direto \u00e0 popula\u00e7\u00e3o.<\/span><\/p>\n<p><strong>Fonte:\u00a0<\/strong>Assessoria<\/p>\n","protected":false},"excerpt":{"rendered":"<p>O Departamento de Vigil\u00e2ncia Epidemiol\u00f3gica e Ambiental (Dvea), da Secretaria de Sa\u00fade (SS) da Prefeitura de Juiz de Fora (PJF), recebeu mais 291 exames de covid-19 entre 30 de julho e 6 agosto, totalizando 3.934. Desses, 1.188 atestaram positivo, o que corresponde a mais 69 no mesmo per\u00edodo. Os resultados s\u00e3o das amostras analisadas pelos [&hellip;]<\/p>\n","protected":false},"author":96,"featured_media":166326,"comment_status":"closed","ping_status":"closed","sticky":false,"template":"","format":"standard","meta":{"footnotes":""},"categories":[253,436,439],"tags":[],"class_list":["post-166325","post","type-post","status-publish","format-standard","has-post-thumbnail","hentry","category-cidade","category-destaque-da-semana","category-ultima-hora"],"_links":{"self":[{"href":"https:\/\/diarioregionaldigital.com.br\/index.php?rest_route=\/wp\/v2\/posts\/166325","targetHints":{"allow":["GET"]}}],"collection":[{"href":"https:\/\/diarioregionaldigital.com.br\/index.php?rest_route=\/wp\/v2\/posts"}],"about":[{"href":"https:\/\/diarioregionaldigital.com.br\/index.php?rest_route=\/wp\/v2\/types\/post"}],"author":[{"embeddable":true,"href":"https:\/\/diarioregionaldigital.com.br\/index.php?rest_route=\/wp\/v2\/users\/96"}],"replies":[{"embeddable":true,"href":"https:\/\/diarioregionaldigital.com.br\/index.php?rest_route=%2Fwp%2Fv2%2Fcomments&post=166325"}],"version-history":[{"count":0,"href":"https:\/\/diarioregionaldigital.com.br\/index.php?rest_route=\/wp\/v2\/posts\/166325\/revisions"}],"wp:featuredmedia":[{"embeddable":true,"href":"https:\/\/diarioregionaldigital.com.br\/index.php?rest_route=\/wp\/v2\/media\/166326"}],"wp:attachment":[{"href":"https:\/\/diarioregionaldigital.com.br\/index.php?rest_route=%2Fwp%2Fv2%2Fmedia&parent=166325"}],"wp:term":[{"taxonomy":"category","embeddable":true,"href":"https:\/\/diarioregionaldigital.com.br\/index.php?rest_route=%2Fwp%2Fv2%2Fcategories&post=166325"},{"taxonomy":"post_tag","embeddable":true,"href":"https:\/\/diarioregionaldigital.com.br\/index.php?rest_route=%2Fwp%2Fv2%2Ftags&post=166325"}],"curies":[{"name":"wp","href":"https:\/\/api.w.org\/{rel}","templated":true}]}}