{"id":166322,"date":"2020-08-07T16:14:13","date_gmt":"2020-08-07T19:14:13","guid":{"rendered":"https:\/\/diarioregionaldigital.com.br\/?p=166322"},"modified":"2020-08-07T16:14:13","modified_gmt":"2020-08-07T19:14:13","slug":"funalfa-lanca-acao-para-comemorar-o-dia-mundial-da-fotografia","status":"publish","type":"post","link":"https:\/\/diarioregionaldigital.com.br\/?p=166322","title":{"rendered":"Funalfa lan\u00e7a a\u00e7\u00e3o para comemorar o \u201cDia Mundial da Fotografia\u201d"},"content":{"rendered":"<p>Com objetivo de comemorar o \u201cDia Mundial da Fotografia\u201d, em 19 de agosto, a Funda\u00e7\u00e3o Cultural \u201cAlfredo Ferreira Lage\u201d (Funalfa) lan\u00e7a a a\u00e7\u00e3o \u201cDIAfragma\u201d, estimulando o p\u00fablico a encaminhar fotos de autoria pr\u00f3pria para serem postadas nas redes sociais. A participa\u00e7\u00e3o \u00e9 volunt\u00e1ria e aberta a todos os interessados, que devem enviar as imagens at\u00e9 o pr\u00f3ximo dia 14, pelo e-mail funalfa.imprensa@gmail.com.<\/p>\n<p>O tema e a t\u00e9cnica s\u00e3o livres e n\u00e3o haver\u00e1 remunera\u00e7\u00e3o pelos trabalhos. Podem ser enviadas fotografias que reflitam sobre o per\u00edodo de quarentena ou produ\u00e7\u00f5es com outras abordagens. Vale retratar pessoas, animais, plantas, paisagens, objetos e o que mais a imagina\u00e7\u00e3o permitir. Ser\u00e3o aceitas imagens em cores ou preto e branco, realizadas antes ou durante o isolamento social.<\/p>\n<p>As fotografias ser\u00e3o selecionadas e poder\u00e3o ser postadas nas redes sociais da Funalfa (instagram e facebook), estando o autor de acordo com a livre divulga\u00e7\u00e3o de sua obra pela Funda\u00e7\u00e3o, com os devidos cr\u00e9ditos.<\/p>\n<p><strong>Fonte:\u00a0<\/strong>Assessoria<\/p>\n","protected":false},"excerpt":{"rendered":"<p>Com objetivo de comemorar o \u201cDia Mundial da Fotografia\u201d, em 19 de agosto, a Funda\u00e7\u00e3o Cultural \u201cAlfredo Ferreira Lage\u201d (Funalfa) lan\u00e7a a a\u00e7\u00e3o \u201cDIAfragma\u201d, estimulando o p\u00fablico a encaminhar fotos de autoria pr\u00f3pria para serem postadas nas redes sociais. A participa\u00e7\u00e3o \u00e9 volunt\u00e1ria e aberta a todos os interessados, que devem enviar as imagens at\u00e9 [&hellip;]<\/p>\n","protected":false},"author":96,"featured_media":166323,"comment_status":"closed","ping_status":"closed","sticky":false,"template":"","format":"standard","meta":{"footnotes":""},"categories":[256,436,439],"tags":[],"class_list":["post-166322","post","type-post","status-publish","format-standard","has-post-thumbnail","hentry","category-cultura","category-destaque-da-semana","category-ultima-hora"],"_links":{"self":[{"href":"https:\/\/diarioregionaldigital.com.br\/index.php?rest_route=\/wp\/v2\/posts\/166322","targetHints":{"allow":["GET"]}}],"collection":[{"href":"https:\/\/diarioregionaldigital.com.br\/index.php?rest_route=\/wp\/v2\/posts"}],"about":[{"href":"https:\/\/diarioregionaldigital.com.br\/index.php?rest_route=\/wp\/v2\/types\/post"}],"author":[{"embeddable":true,"href":"https:\/\/diarioregionaldigital.com.br\/index.php?rest_route=\/wp\/v2\/users\/96"}],"replies":[{"embeddable":true,"href":"https:\/\/diarioregionaldigital.com.br\/index.php?rest_route=%2Fwp%2Fv2%2Fcomments&post=166322"}],"version-history":[{"count":0,"href":"https:\/\/diarioregionaldigital.com.br\/index.php?rest_route=\/wp\/v2\/posts\/166322\/revisions"}],"wp:featuredmedia":[{"embeddable":true,"href":"https:\/\/diarioregionaldigital.com.br\/index.php?rest_route=\/wp\/v2\/media\/166323"}],"wp:attachment":[{"href":"https:\/\/diarioregionaldigital.com.br\/index.php?rest_route=%2Fwp%2Fv2%2Fmedia&parent=166322"}],"wp:term":[{"taxonomy":"category","embeddable":true,"href":"https:\/\/diarioregionaldigital.com.br\/index.php?rest_route=%2Fwp%2Fv2%2Fcategories&post=166322"},{"taxonomy":"post_tag","embeddable":true,"href":"https:\/\/diarioregionaldigital.com.br\/index.php?rest_route=%2Fwp%2Fv2%2Ftags&post=166322"}],"curies":[{"name":"wp","href":"https:\/\/api.w.org\/{rel}","templated":true}]}}