{"id":166319,"date":"2020-08-07T16:11:33","date_gmt":"2020-08-07T19:11:33","guid":{"rendered":"https:\/\/diarioregionaldigital.com.br\/?p=166319"},"modified":"2020-08-07T16:11:33","modified_gmt":"2020-08-07T19:11:33","slug":"linhas-de-onibus-coletivo-serao-reforcadas-nesta-segunda-feira","status":"publish","type":"post","link":"https:\/\/diarioregionaldigital.com.br\/?p=166319","title":{"rendered":"Linhas de \u00f4nibus coletivo ser\u00e3o refor\u00e7adas nesta segunda-feira"},"content":{"rendered":"<p><span style=\"font-weight: 400;\">A Secretaria de Transporte Coletivo (Settra), da Prefeitura de Juiz de Fora (PJF), informa que a partir desta segunda-feira (10), ser\u00e1 feito refor\u00e7o linhas do transporte coletivo urbano (TCU), com objetivo de atender aos usu\u00e1rios que necessitarem utilizar os \u00f4nibus coletivos, com a nova \u201conda\u201d que o Munic\u00edpio entra, a \u201camarela\u201d, do programa \u201cMinas Consciente\u201d, nesta fase de enfrentamento \u00e0 covid-19. Ser\u00e3o 37 linhas com altera\u00e7\u00f5es no quadro de hor\u00e1rios, duas que ir\u00e3o retornar o atendimento, com acr\u00e9scimo de 14 carros, e mais 150 viagens por dia.<\/span><\/p>\n<p><span style=\"font-weight: 400;\">As linhas alteradas s\u00e3o: 100, 105, 106, 129, 130, 135, 137, 207, 301, 308, 441, 508, 512, 519, 520, 523, 529, 530, 542, 543, 546, 549, 601, 608, 610, 613, 714, 721, 726, 732, 738, 740, 741, 742, 743, 744 e 745. As linhas 122 e 406 retornar\u00e3o ao atendimento.\u00a0<\/span><\/p>\n<p><span style=\"font-weight: 400;\">O secret\u00e1rio de Transportes e Tr\u00e2nsito, Eduardo Facio, ressaltou que a Settra est\u00e1 empenhada e acompanhando diariamente o n\u00famero de usu\u00e1rios do TCU, por meio de levantamentos di\u00e1rios de dados da bilhetagem eletr\u00f4nica e pesquisas nas ruas, feitas pelos agentes municipais:<\/span><\/p>\n<p><span style=\"font-weight: 400;\">\u201cDesde que a PJF lan\u00e7ou o decreto de combate ao coronav\u00edrus estamos trabalhando para atender da melhor forma \u00e0 popula\u00e7\u00e3o. J\u00e1 refor\u00e7amos mais de 40 linhas, e agora teremos novo refor\u00e7o\u201d. A Settra seguir\u00e1 acompanhando o fluxo de passageiros durante a mudan\u00e7a, e poder\u00e1 realizar novas altera\u00e7\u00f5es.<\/span><\/p>\n","protected":false},"excerpt":{"rendered":"<p>A Secretaria de Transporte Coletivo (Settra), da Prefeitura de Juiz de Fora (PJF), informa que a partir desta segunda-feira (10), ser\u00e1 feito refor\u00e7o linhas do transporte coletivo urbano (TCU), com objetivo de atender aos usu\u00e1rios que necessitarem utilizar os \u00f4nibus coletivos, com a nova \u201conda\u201d que o Munic\u00edpio entra, a \u201camarela\u201d, do programa \u201cMinas Consciente\u201d, [&hellip;]<\/p>\n","protected":false},"author":96,"featured_media":166320,"comment_status":"closed","ping_status":"closed","sticky":false,"template":"","format":"standard","meta":{"footnotes":""},"categories":[253,436,439],"tags":[],"class_list":["post-166319","post","type-post","status-publish","format-standard","has-post-thumbnail","hentry","category-cidade","category-destaque-da-semana","category-ultima-hora"],"_links":{"self":[{"href":"https:\/\/diarioregionaldigital.com.br\/index.php?rest_route=\/wp\/v2\/posts\/166319","targetHints":{"allow":["GET"]}}],"collection":[{"href":"https:\/\/diarioregionaldigital.com.br\/index.php?rest_route=\/wp\/v2\/posts"}],"about":[{"href":"https:\/\/diarioregionaldigital.com.br\/index.php?rest_route=\/wp\/v2\/types\/post"}],"author":[{"embeddable":true,"href":"https:\/\/diarioregionaldigital.com.br\/index.php?rest_route=\/wp\/v2\/users\/96"}],"replies":[{"embeddable":true,"href":"https:\/\/diarioregionaldigital.com.br\/index.php?rest_route=%2Fwp%2Fv2%2Fcomments&post=166319"}],"version-history":[{"count":0,"href":"https:\/\/diarioregionaldigital.com.br\/index.php?rest_route=\/wp\/v2\/posts\/166319\/revisions"}],"wp:featuredmedia":[{"embeddable":true,"href":"https:\/\/diarioregionaldigital.com.br\/index.php?rest_route=\/wp\/v2\/media\/166320"}],"wp:attachment":[{"href":"https:\/\/diarioregionaldigital.com.br\/index.php?rest_route=%2Fwp%2Fv2%2Fmedia&parent=166319"}],"wp:term":[{"taxonomy":"category","embeddable":true,"href":"https:\/\/diarioregionaldigital.com.br\/index.php?rest_route=%2Fwp%2Fv2%2Fcategories&post=166319"},{"taxonomy":"post_tag","embeddable":true,"href":"https:\/\/diarioregionaldigital.com.br\/index.php?rest_route=%2Fwp%2Fv2%2Ftags&post=166319"}],"curies":[{"name":"wp","href":"https:\/\/api.w.org\/{rel}","templated":true}]}}