{"id":166316,"date":"2020-08-07T16:01:57","date_gmt":"2020-08-07T19:01:57","guid":{"rendered":"https:\/\/diarioregionaldigital.com.br\/?p=166316"},"modified":"2020-08-07T16:01:57","modified_gmt":"2020-08-07T19:01:57","slug":"covid-19-pesquisa-indica-que-numero-de-casos-confirmados-em-juiz-de-fora-permanece-em-alta","status":"publish","type":"post","link":"https:\/\/diarioregionaldigital.com.br\/?p=166316","title":{"rendered":"Covid-19: pesquisa indica que n\u00famero de casos confirmados em Juiz de Fora permanece em alta"},"content":{"rendered":"<p><span style=\"font-weight: 400;\">A pesquisa feita pelo grupo de modelagem formado por pesquisadores da Universidade Federal de Juiz de Fora (UFJF), aponta que o munic\u00edpio continua tendo crescimento do n\u00famero de casos confirmados por Coronav\u00edrus. O levantamento utilizou dados do dia 21 de julho at\u00e9 dia 4 deste m\u00eas, quando Juiz de Fora apresentava 3.107 casos confirmados e 99 mortes. Ap\u00f3s um per\u00edodo de 14 dias, os n\u00fameros evolu\u00edram para 3642 casos confirmados e 119 vidas perdidas no dia 4 deste m\u00eas, representando aumentos de 16,7% e 20,2%.<\/span><\/p>\n<p><span style=\"font-weight: 400;\">O cen\u00e1rio na cidade \u00e9 semelhante ao da mesorregi\u00e3o Zona da Mata Mineira, no qual a Secretaria de Estado da Sa\u00fade de Minas Gerais (SES-MG), registrou 12730 casos confirmados e 334 \u00f3bitos confirmados. Segundo um dos pesquisadores, Marcel Vieira, os dados registrados tanto em Juiz de Fora quanto na Zona da Mata, n\u00e3o atendem aos crit\u00e9rios estabelecidos pela Organiza\u00e7\u00e3o Mundial da Sa\u00fade (OMS):<\/span><\/p>\n<p><span style=\"font-weight: 400;\">\u201cApenas, na 31\u00aa semana epidemiol\u00f3gica, foram confirmados na Zona da Mata 1435 novos casos e 40 vidas perdidas (aumento de 9% e 8,1%, respectivamente, em rela\u00e7\u00e3o \u00e0 semana anterior).\u00a0 Analisando os n\u00fameros de casos e vidas perdidas ao longo das tr\u00eas \u00faltimas semanas epidemiol\u00f3gicas, confirmamos que Juiz de Fora e a Zona da Mata ainda n\u00e3o atendem a dois importantes crit\u00e9rios da OMS\u201d.<\/span><\/p>\n<p><span style=\"font-weight: 400;\">Quanto \u00e0 quest\u00e3o do N\u00famero de Reprodu\u00e7\u00e3o Efetivo (Rt), Juiz de Fora apresentou oscila\u00e7\u00e3o no per\u00edodo entre 21 de julho e 4 de agosto, onde o Rt registrou valor m\u00e1ximo de 1,07 neste m\u00eas e valor m\u00ednimo de 0,58 no dia 26 de julho. Marcel relembra que \u201cDe acordo com a OMS, uma das condi\u00e7\u00f5es para que a pandemia esteja sob controle \u00e9 de que os valores do Rt sejam menores que 1 persistentemente por pelo menos duas semanas. Esta condi\u00e7\u00e3o n\u00e3o foi verificada\u201d.<\/span><\/p>\n<p><b>Faixa et\u00e1ria<\/b><\/p>\n<p><span style=\"font-weight: 400;\">A an\u00e1lise feita pelo grupo de pesquisa, aponta que a distribui\u00e7\u00e3o dos casos confirmados por faixa et\u00e1ria, \u00e9 representada pelo p\u00fablico de 20 e 59 anos de idade, ou seja, pertencem majoritariamente \u00e0 parte da popula\u00e7\u00e3o que \u00e9 economicamente ativa. Segundo o levantamento, a faixa et\u00e1ria \u00e9 de 77,9% em Juiz de Fora e 74,7% na Zona da Mata.<\/span><\/p>\n<p><span style=\"font-weight: 400;\">Conforme a pesquisa, existe equil\u00edbrio entre os sexos masculino e feminino, no quesito n\u00famero de casos e mortes confirmadas. J\u00e1 a an\u00e1lise da distribui\u00e7\u00e3o dos \u00f3bitos por faixas et\u00e1rias em Juiz de Fora confirma que a maioria dos pacientes que vieram a falecer, 83,7%, tinha 60 ou mais anos de idade.\u00a0<\/span><\/p>\n<p><b>Situa\u00e7\u00e3o em Governador Valadares<\/b><\/p>\n<p><span style=\"font-weight: 400;\">A pesquisa abordou tamb\u00e9m a situa\u00e7\u00e3o da pandemia em Governador Valadares. No dia 21 de julho, o munic\u00edpio tinha 3028 casos confirmados e registrava 70 vidas perdidas de acordo com a SES-MG. Estes n\u00fameros evolu\u00edram para 4282 casos confirmados e 107 vidas perdidas no dia 4 de agosto, representando aumentos de 41,4% e 52,9%, respectivamente, no per\u00edodo de 14 dias.\u00a0<\/span><\/p>\n<p><span style=\"font-weight: 400;\">Na 31\u00aa semana epidemiol\u00f3gica (26 de julho a 1\u00b0 de agosto), Governador Valadares teve 515 novos casos confirmados e 37 mortes registradas, sendo a semana com o maior n\u00famero de registros de \u00f3bitos desde o in\u00edcio da pandemia. No munic\u00edpio foram registrados em m\u00e9dia 92 novos casos e 3 vidas perdidas por dia nos \u00faltimos 7 dias.<\/span><\/p>\n<p><b>Controle da pandemia segundo OMS<\/b><\/p>\n<p><span style=\"font-weight: 400;\">O \u00f3rg\u00e3o diz que para que a pandemia seja considerada controlada em determinada cidade, \u00e9 necess\u00e1ria uma redu\u00e7\u00e3o de pelo menos 50%, de forma cont\u00ednua, do n\u00famero semanal de novos casos por um per\u00edodo de tr\u00eas semanas desde o \u00faltimo pico.\u00a0<\/span><\/p>\n<p><span style=\"font-weight: 400;\">a redu\u00e7\u00e3o, por pelo menos tr\u00eas semanas sucessivas, do n\u00famero de vidas perdidas no munic\u00edpio e valores do N\u00famero de Reprodu\u00e7\u00e3o Efetivo (Rt) \u2013 n\u00famero, em m\u00e9dia, de casos secund\u00e1rios contaminados por um indiv\u00edduo com Covid-19 \u2013 menores que 1 persistentemente por pelo menos duas semanas.\u00a0<\/span><\/p>\n<p><span style=\"font-weight: 400;\">Al\u00e9m disso, o n\u00famero de testes positivos para Covid-19 precisa estar abaixo de 5% por 2 semanas; a propor\u00e7\u00e3o de testes positivos para quadros gripais devem estar abaixo de 5% por 2 semanas; deve-se ter conhecimento da cadeia de transmiss\u00e3o de pelo menos 80% dos novos casos; n\u00famero de mortes por pneumonia, em faixas et\u00e1rias nas quais estava alto, precisa estar em queda. <\/span><\/p>\n","protected":false},"excerpt":{"rendered":"<p>A pesquisa feita pelo grupo de modelagem formado por pesquisadores da Universidade Federal de Juiz de Fora (UFJF), aponta que o munic\u00edpio continua tendo crescimento do n\u00famero de casos confirmados por Coronav\u00edrus. O levantamento utilizou dados do dia 21 de julho at\u00e9 dia 4 deste m\u00eas, quando Juiz de Fora apresentava 3.107 casos confirmados e [&hellip;]<\/p>\n","protected":false},"author":96,"featured_media":166317,"comment_status":"closed","ping_status":"closed","sticky":false,"template":"","format":"standard","meta":{"footnotes":""},"categories":[253,436,440,439],"tags":[],"class_list":["post-166316","post","type-post","status-publish","format-standard","has-post-thumbnail","hentry","category-cidade","category-destaque-da-semana","category-destaques-do-dia","category-ultima-hora"],"_links":{"self":[{"href":"https:\/\/diarioregionaldigital.com.br\/index.php?rest_route=\/wp\/v2\/posts\/166316","targetHints":{"allow":["GET"]}}],"collection":[{"href":"https:\/\/diarioregionaldigital.com.br\/index.php?rest_route=\/wp\/v2\/posts"}],"about":[{"href":"https:\/\/diarioregionaldigital.com.br\/index.php?rest_route=\/wp\/v2\/types\/post"}],"author":[{"embeddable":true,"href":"https:\/\/diarioregionaldigital.com.br\/index.php?rest_route=\/wp\/v2\/users\/96"}],"replies":[{"embeddable":true,"href":"https:\/\/diarioregionaldigital.com.br\/index.php?rest_route=%2Fwp%2Fv2%2Fcomments&post=166316"}],"version-history":[{"count":0,"href":"https:\/\/diarioregionaldigital.com.br\/index.php?rest_route=\/wp\/v2\/posts\/166316\/revisions"}],"wp:featuredmedia":[{"embeddable":true,"href":"https:\/\/diarioregionaldigital.com.br\/index.php?rest_route=\/wp\/v2\/media\/166317"}],"wp:attachment":[{"href":"https:\/\/diarioregionaldigital.com.br\/index.php?rest_route=%2Fwp%2Fv2%2Fmedia&parent=166316"}],"wp:term":[{"taxonomy":"category","embeddable":true,"href":"https:\/\/diarioregionaldigital.com.br\/index.php?rest_route=%2Fwp%2Fv2%2Fcategories&post=166316"},{"taxonomy":"post_tag","embeddable":true,"href":"https:\/\/diarioregionaldigital.com.br\/index.php?rest_route=%2Fwp%2Fv2%2Ftags&post=166316"}],"curies":[{"name":"wp","href":"https:\/\/api.w.org\/{rel}","templated":true}]}}