{"id":166313,"date":"2020-08-07T15:17:46","date_gmt":"2020-08-07T18:17:46","guid":{"rendered":"https:\/\/diarioregionaldigital.com.br\/?p=166313"},"modified":"2020-08-07T15:17:46","modified_gmt":"2020-08-07T18:17:46","slug":"prefeitura-libera-celebracoes-religiosas-com-limite-de-30-de-ocupacao-dos-assentos","status":"publish","type":"post","link":"https:\/\/diarioregionaldigital.com.br\/?p=166313","title":{"rendered":"Prefeitura libera celebra\u00e7\u00f5es religiosas com limite de 30% de ocupa\u00e7\u00e3o dos assentos"},"content":{"rendered":"<p>Em reuni\u00e3o realizada durante a noite desta \u00faltima quinta-feira, 6, o Comit\u00ea Municipal de Enfrentamento e Preven\u00e7\u00e3o \u00e0 Covid-19 liberou as celebra\u00e7\u00f5es religiosas em Juiz de Fora a partir deste s\u00e1bado, 8. Para a volta dos cultos, a Prefeitura de Juiz de Fora (PJF), em parceria com lideran\u00e7as religiosas e o Minist\u00e9rio P\u00fablico (MP), elaboraram um protocolo para preven\u00e7\u00e3o e controle \u00e0 mitiga\u00e7\u00e3o da transmiss\u00e3o da Covid-19 na celebra\u00e7\u00e3o presencial de cultos religiosos.<\/p>\n<p>Segundo o protocolo municipal, h\u00e1 o limite de ocupa\u00e7\u00e3o de 30% dos assentos, com distanciamento m\u00ednimo de 2 metros entre as pessoas, e com a capacidade m\u00e1xima aceit\u00e1vel de cem fi\u00e9is por encontro. Contudo, durante live realizada nesta sexta-feira, 7, o prefeito Ant\u00f4nio Almas solicitou que pessoas idosas e com comorbidades evitem as celebra\u00e7\u00f5es. \u201cPessoas que tenham comorbidades precisam continuar se preservando, mantendo-se em casa, participando de celebra\u00e7\u00f5es on-line para n\u00e3o se expor a situa\u00e7\u00f5es de maior risco.\u201d<\/p>\n<p><i>O protocolo para cultos religiosos definiu 11 medidas gerais para as celebra\u00e7\u00f5es e dez espec\u00edficas. Confira:<\/i><\/p>\n<p><b>Medidas gerais:<\/b><\/p>\n<p><b>1.<\/b>\u00a0Coloca\u00e7\u00e3o de cartazes informativos nas entradas dos templos sobre as medidas sanit\u00e1rias citadas neste protocolo;<\/p>\n<p><b>2.<\/b>\u00a0Em todos os cultos, enquanto durar a pandemia, tratar o tema coronav\u00edrus com destaque para as medidas de preven\u00e7\u00e3o;<\/p>\n<p><b>3.<\/b>\u00a0A lota\u00e7\u00e3o m\u00e1xima autorizada ser\u00e1 de no m\u00e1ximo 30% da capacidade de assentos do templo ou igreja, desde que seja garantido o espa\u00e7amento m\u00ednimo de dois metros entre os presentes, limitado ao quantitativo de cem pessoas;<\/p>\n<p><b>4.<\/b>\u00a0Demarcar e reorganizar os locais e espa\u00e7os para filas e esperas, respeitando o distanciamento de seguran\u00e7a.<\/p>\n<p><b>5.<\/b>\u00a0Refor\u00e7ar os procedimentos de limpeza e desinfec\u00e7\u00e3o com produtos desinfetantes, devidamente aprovados pela Anvisa, em todos os ambientes, superf\u00edcies e equipamentos, minimamente no in\u00edcio e t\u00e9rmino de cada celebra\u00e7\u00e3o religiosa, entre outras atividades.<\/p>\n<p><b>6.<\/b>\u00a0Dever\u00e1 ser realizada a aferi\u00e7\u00e3o de temperatura atrav\u00e9s de term\u00f4metro digital infravermelho e fornecimento de \u00e1lcool gel, individualizadamente, na entrada do templo religioso;<\/p>\n<p><b>7.<\/b>\u00a0Adotar medidas para distribui\u00e7\u00e3o de pessoas ao longo do dia com redu\u00e7\u00e3o do tempo do culto e maior n\u00famero de celebra\u00e7\u00f5es e a fim de evitar aglomera\u00e7\u00f5es e reduzir o risco de cont\u00e1gio<\/p>\n<p><b>8.<\/b>\u00a0Manter os ambientes limpos e ventilados com janelas abertas e n\u00e3o utiliza\u00e7\u00e3o de ar-condicionado<\/p>\n<p><b>9.<\/b>\u00a0Evitar aglomera\u00e7\u00e3o na entrada, na sa\u00edda e durante a utiliza\u00e7\u00e3o dos espa\u00e7os de uso comum.<\/p>\n<p><b>10.<\/b>\u00a0Demarcar \u00e1reas que n\u00e3o dever\u00e3o ser utilizadas e indicar visualmente a limita\u00e7\u00e3o m\u00e1xima de pessoas nos ambientes.<\/p>\n<p><b>11.<\/b>\u00a0O respons\u00e1vel pelo templo deve orientar aos frequentadores que n\u00e3o poder\u00e3o participar dos cultos, missas e liturgias, caso apresentem sintomas de resfriados\/gripe.<\/p>\n<p><b>Medidas espec\u00edficas<\/b><\/p>\n<p><b>1.<\/b>\u00a0Os lugares de assento dever\u00e3o ser disponibilizados de forma alternada entre as fileiras de bancos, devendo estar bloqueados de forma f\u00edsica aqueles que n\u00e3o puderem ser ocupados com manuten\u00e7\u00e3o do distanciamento m\u00ednimo entre as pessoas de 2 metros.<\/p>\n<p><b>2.<\/b>\u00a0Os espa\u00e7os devem ser previamente marcados no ch\u00e3o tanto no lado externo dos pr\u00e9dios, caso haja espera para entrada, bem como nos assentos dispon\u00edveis respeitando-se o afastamento definido;<\/p>\n<p><b>3.<\/b>\u00a0Dever\u00e1 ser assegurado a obrigatoriedade de que todas as pessoas (fi\u00e9is e colaboradores) ao adentrarem ao templo ou igreja, estejam utilizando m\u00e1scaras ( de tecido ou tecido de algod\u00e3o), com garantia da distribui\u00e7\u00e3o gratuita das mesmas aos que por caso n\u00e3o disponham naquele momento;<\/p>\n<p><b>4.<\/b>\u00a0Dever\u00e3o haver dispensadores de \u00e1lcool em gel ou prepara\u00e7\u00f5es antiss\u00e9pticas ou sanitizantes de efeito similar, em pontos estrat\u00e9gicos como na entrada, na secretaria, confession\u00e1rios, corredores, para uso dos fi\u00e9is, religiosos e colaboradores para que higienizem as m\u00e3os durante todo o per\u00edodo em que estiverem no interior do templo religioso ou da igreja, independentemente de estarem em contato direto com o p\u00fablico.<\/p>\n<p><b>5.<\/b>\u00a0Os atendimentos individuais dever\u00e3o ser realizados atrav\u00e9s de hor\u00e1rio agendado devendo ser disponibilizados mecanismos on-line ou por telefone para possibilitar o agendamento, evitando as filas e aglomera\u00e7\u00f5es<\/p>\n<p><b>6.<\/b>\u00a0O atendimento aos integrantes dos grupos de risco como idosos, hipertensos, diab\u00e9ticos e gestantes dever\u00e1 ser realizado preferencialmente online ou em domic\u00edlio, de forma a evitar a exposi\u00e7\u00e3o destas pessoas a fim de reduzir o risco de transmiss\u00e3o da Covid-19. Na impossibilidade de atendimento domiciliar, dever\u00e3o ser criados hor\u00e1rios diferenciados para estes grupos;<\/p>\n<p><b>7.<\/b>\u00a0Nos cultos em que houver a celebra\u00e7\u00e3o de ceia, com partilha de p\u00e3o e vinho, ou celebra\u00e7\u00e3o de comunh\u00e3o, os elementos somente poder\u00e3o ser partilhados se estiverem pr\u00e9-embalados para uso pessoal.<\/p>\n<p><b>8.<\/b>\u00a0Dever\u00e1 ser evitado o contato f\u00edsico entre os participantes, seja por abra\u00e7o, aperto ou imposi\u00e7\u00e3o de m\u00e3os ou outras formas de cumprimento<\/p>\n<p><b>9.<\/b>\u00a0Se algum dos colaboradores ou fi\u00e9is apresentar sintomas de contamina\u00e7\u00e3o pela COVID-19 como febre, tosse, dor de garganta e\/ou coriza, com ou sem falta de ar, dever\u00e3o buscar orienta\u00e7\u00f5es m\u00e9dicas, bem como serem afastados imediatamente do conv\u00edvio p\u00fablico, pelo per\u00edodo m\u00ednimo de 14 dias, ou conforme determina\u00e7\u00e3o m\u00e9dica, sendo que as autoridades de sa\u00fade devem ser imediatamente informadas desta situa\u00e7\u00e3o;<\/p>\n<p><b>10.<\/b>\u00a0A responsabilidade pela implementa\u00e7\u00e3o e fiscaliza\u00e7\u00e3o destas medidas nos templos religiosos, igrejas e afins ficar\u00e1 a cargo do l\u00edder religioso, sendo que o n\u00e3o cumprimento dos regramentos dispostos poder\u00e1 ensejar a\u00e7\u00f5es da vigil\u00e2ncia sanit\u00e1ria e demais \u00f3rg\u00e3os de fiscaliza\u00e7\u00e3o municipais, possibilitando a ado\u00e7\u00e3o das medidas corretivas cab\u00edveis e, em caso de reincid\u00eancia no descumprimento, a imposi\u00e7\u00e3o de suspens\u00e3o das celebra\u00e7\u00f5es presenciais.<\/p>\n<p><strong>Fonte:<\/strong> Assessoria<\/p>\n","protected":false},"excerpt":{"rendered":"<p>Em reuni\u00e3o realizada durante a noite desta \u00faltima quinta-feira, 6, o Comit\u00ea Municipal de Enfrentamento e Preven\u00e7\u00e3o \u00e0 Covid-19 liberou as celebra\u00e7\u00f5es religiosas em Juiz de Fora a partir deste s\u00e1bado, 8. Para a volta dos cultos, a Prefeitura de Juiz de Fora (PJF), em parceria com lideran\u00e7as religiosas e o Minist\u00e9rio P\u00fablico (MP), elaboraram [&hellip;]<\/p>\n","protected":false},"author":96,"featured_media":166314,"comment_status":"closed","ping_status":"closed","sticky":false,"template":"","format":"standard","meta":{"footnotes":""},"categories":[253,436,440,439],"tags":[],"class_list":["post-166313","post","type-post","status-publish","format-standard","has-post-thumbnail","hentry","category-cidade","category-destaque-da-semana","category-destaques-do-dia","category-ultima-hora"],"_links":{"self":[{"href":"https:\/\/diarioregionaldigital.com.br\/index.php?rest_route=\/wp\/v2\/posts\/166313","targetHints":{"allow":["GET"]}}],"collection":[{"href":"https:\/\/diarioregionaldigital.com.br\/index.php?rest_route=\/wp\/v2\/posts"}],"about":[{"href":"https:\/\/diarioregionaldigital.com.br\/index.php?rest_route=\/wp\/v2\/types\/post"}],"author":[{"embeddable":true,"href":"https:\/\/diarioregionaldigital.com.br\/index.php?rest_route=\/wp\/v2\/users\/96"}],"replies":[{"embeddable":true,"href":"https:\/\/diarioregionaldigital.com.br\/index.php?rest_route=%2Fwp%2Fv2%2Fcomments&post=166313"}],"version-history":[{"count":0,"href":"https:\/\/diarioregionaldigital.com.br\/index.php?rest_route=\/wp\/v2\/posts\/166313\/revisions"}],"wp:featuredmedia":[{"embeddable":true,"href":"https:\/\/diarioregionaldigital.com.br\/index.php?rest_route=\/wp\/v2\/media\/166314"}],"wp:attachment":[{"href":"https:\/\/diarioregionaldigital.com.br\/index.php?rest_route=%2Fwp%2Fv2%2Fmedia&parent=166313"}],"wp:term":[{"taxonomy":"category","embeddable":true,"href":"https:\/\/diarioregionaldigital.com.br\/index.php?rest_route=%2Fwp%2Fv2%2Fcategories&post=166313"},{"taxonomy":"post_tag","embeddable":true,"href":"https:\/\/diarioregionaldigital.com.br\/index.php?rest_route=%2Fwp%2Fv2%2Ftags&post=166313"}],"curies":[{"name":"wp","href":"https:\/\/api.w.org\/{rel}","templated":true}]}}