{"id":166310,"date":"2020-08-07T15:12:07","date_gmt":"2020-08-07T18:12:07","guid":{"rendered":"https:\/\/diarioregionaldigital.com.br\/?p=166310"},"modified":"2020-08-07T15:12:07","modified_gmt":"2020-08-07T18:12:07","slug":"contra-a-covid-19-onda-amarela-comeca-a-valer-neste-sabado-em-jf","status":"publish","type":"post","link":"https:\/\/diarioregionaldigital.com.br\/?p=166310","title":{"rendered":"Contra a covid-19 &#8211; \u201cOnda amarela\u201d come\u00e7a a valer neste s\u00e1bado em JF"},"content":{"rendered":"<p>Na manh\u00e3 desta sexta-feira, 7, o prefeito Ant\u00f4nio Almas realizou transmiss\u00e3o ao vivo (live) pelas redes sociais, quando explicou o que muda em Juiz de Fora com o avan\u00e7o para a &#8220;onda amarela\u201d do programa do Governo do estado, &#8220;Minas Consciente&#8221;, de combate \u00e0 pandemia da covid-19 (coronav\u00edrus). A cidade est\u00e1 na &#8220;branca\u201d, que, com as altera\u00e7\u00f5es no programa, passa a n\u00e3o existir, sendo incorporada pela \u201camarela\u201d.<\/p>\n<p><i>Assim, a partir deste s\u00e1bado, al\u00e9m do que j\u00e1 estava em funcionamento, os seguintes servi\u00e7os tamb\u00e9m estar\u00e3o autorizados:<\/i><\/p>\n<p><b>&#8211; Sal\u00e3o de beleza e atividades de est\u00e9tica;<br \/>\n&#8211; Com\u00e9rcio de eletrodom\u00e9sticos e equipamentos de \u00e1udio e v\u00eddeo;<br \/>\n&#8211; Papelaria, lojas de livros, discos e revistas;<br \/>\n&#8211; Lojas de roupas, bijuterias, joias, cal\u00e7ados e artigos de viagem;<br \/>\n&#8211; Design e decora\u00e7\u00e3o de interiores;<br \/>\n&#8211; Atividades fotogr\u00e1ficas e similares;<br \/>\n&#8211; Atividades profissionais cient\u00edficas e t\u00e9cnicas;<br \/>\n&#8211; Lojas de departamentos;<br \/>\n&#8211; Lojas de brinquedos;<br \/>\n&#8211; Floricultura.<\/b><\/p>\n<p>O funcionamento do com\u00e9rcio ser\u00e1 das 9 \u00e0s 18 horas; dos shopping centers das 12 \u00e0s 20 horas; e das galerias, excepcionalmente neste s\u00e1bado, ser\u00e1 das 9 \u00e0s 18 horas. \u201cEstamos estudando, para ser definida na pr\u00f3xima reuni\u00e3o do Comit\u00ea Municipal de Enfrentamento e Preven\u00e7\u00e3o \u00e0 Covid-19 (ter\u00e7a-feira,11), qual ser\u00e1 o hor\u00e1rio do com\u00e9rcio, para n\u00e3o impactar no transporte p\u00fablico coletivo, que tamb\u00e9m ter\u00e1 altera\u00e7\u00f5es. Mas at\u00e9 l\u00e1 vale o hor\u00e1rio acima, me nos para as galerias, que a partir de segunda-feira voltam ao hor\u00e1rio anterior\u201d, explicou o prefeito.<\/p>\n<p>Os restaurantes permanecer\u00e3o com o mesmo hor\u00e1rio de funcionamento, de segunda-feira a s\u00e1bado, das 11 \u00e0s 15 horas, e nos demais hor\u00e1rios apenas delivery e retirada no balc\u00e3o. \u201cNa reuni\u00e3o de ontem (quinta-feira, 6), o Comit\u00ea optou por manter este hor\u00e1rio, e que os bares permane\u00e7am fechados. Foi definido ainda que, em Juiz de Fora, as atividades extracurriculares continuam proibidas. E templos religiosos poder\u00e3o funcionar com 30% da capacidade (limitada a cem pessoas), desde que mantenha distanciamento de dois metros entre elas\u201d, informou.<\/p>\n<p>Os estabelecimentos devem seguir rigorosamente os protocolos de higiene e distanciamento. Ap\u00f3s 28 dias ser\u00e1 analisado, pelo estado, atrav\u00e9s do Comit\u00ea Extraordin\u00e1rio Covid-19, a situa\u00e7\u00e3o da macrorregi\u00e3o sudeste, para avaliar a possibilidade de um novo avan\u00e7o, desta vez para a \u201conda verde\u201d. H\u00e1, tamb\u00e9m, a possibilidade de, a qualquer momento, as cidades serem obrigadas a retroceder de \u201conda\u201d, caso os dados epidemiol\u00f3gicos mostrem avan\u00e7o descontrolado da doen\u00e7a. Por isso, manter o isolamento social, respeitar o distanciamento e adotar as medidas de higieniza\u00e7\u00e3o s\u00e3 o fundamentais.<\/p>\n<p>\u201cPara avan\u00e7armos ou retrocedermos na \u00b4onda`, depende de cada um de n\u00f3s. Precisamos todos sermos parceiros. A Prefeitura n\u00e3o \u00e9 inimiga de ningu\u00e9m, mas n\u00e3o podemos esquecer que nos \u00faltimos 30 dias tivemos aumento de 34% de casos suspeitos e 56 \u00f3bitos. N\u00e3o \u00e9 nada tranquilo saber a confirma\u00e7\u00e3o de mais um \u00f3bito. Precisamos estar juntos nessa luta, nos educando e mudando h\u00e1bitos. Uso de m\u00e1scara, higieniza\u00e7\u00e3o das m\u00e3os e objetos de contato, e distanciamento entre as pessoas, agora devem fazer parte da nossa rotina\u201d, definiu o prefeito.<\/p>\n<p><strong>Fonte:<\/strong> Assessoria<\/p>\n","protected":false},"excerpt":{"rendered":"<p>Na manh\u00e3 desta sexta-feira, 7, o prefeito Ant\u00f4nio Almas realizou transmiss\u00e3o ao vivo (live) pelas redes sociais, quando explicou o que muda em Juiz de Fora com o avan\u00e7o para a &#8220;onda amarela\u201d do programa do Governo do estado, &#8220;Minas Consciente&#8221;, de combate \u00e0 pandemia da covid-19 (coronav\u00edrus). A cidade est\u00e1 na &#8220;branca\u201d, que, com [&hellip;]<\/p>\n","protected":false},"author":96,"featured_media":166311,"comment_status":"closed","ping_status":"closed","sticky":false,"template":"","format":"standard","meta":{"footnotes":""},"categories":[253,436,440,439],"tags":[],"class_list":["post-166310","post","type-post","status-publish","format-standard","has-post-thumbnail","hentry","category-cidade","category-destaque-da-semana","category-destaques-do-dia","category-ultima-hora"],"_links":{"self":[{"href":"https:\/\/diarioregionaldigital.com.br\/index.php?rest_route=\/wp\/v2\/posts\/166310","targetHints":{"allow":["GET"]}}],"collection":[{"href":"https:\/\/diarioregionaldigital.com.br\/index.php?rest_route=\/wp\/v2\/posts"}],"about":[{"href":"https:\/\/diarioregionaldigital.com.br\/index.php?rest_route=\/wp\/v2\/types\/post"}],"author":[{"embeddable":true,"href":"https:\/\/diarioregionaldigital.com.br\/index.php?rest_route=\/wp\/v2\/users\/96"}],"replies":[{"embeddable":true,"href":"https:\/\/diarioregionaldigital.com.br\/index.php?rest_route=%2Fwp%2Fv2%2Fcomments&post=166310"}],"version-history":[{"count":0,"href":"https:\/\/diarioregionaldigital.com.br\/index.php?rest_route=\/wp\/v2\/posts\/166310\/revisions"}],"wp:featuredmedia":[{"embeddable":true,"href":"https:\/\/diarioregionaldigital.com.br\/index.php?rest_route=\/wp\/v2\/media\/166311"}],"wp:attachment":[{"href":"https:\/\/diarioregionaldigital.com.br\/index.php?rest_route=%2Fwp%2Fv2%2Fmedia&parent=166310"}],"wp:term":[{"taxonomy":"category","embeddable":true,"href":"https:\/\/diarioregionaldigital.com.br\/index.php?rest_route=%2Fwp%2Fv2%2Fcategories&post=166310"},{"taxonomy":"post_tag","embeddable":true,"href":"https:\/\/diarioregionaldigital.com.br\/index.php?rest_route=%2Fwp%2Fv2%2Ftags&post=166310"}],"curies":[{"name":"wp","href":"https:\/\/api.w.org\/{rel}","templated":true}]}}