{"id":166304,"date":"2020-08-07T14:23:16","date_gmt":"2020-08-07T17:23:16","guid":{"rendered":"https:\/\/diarioregionaldigital.com.br\/?p=166304"},"modified":"2020-08-07T14:23:16","modified_gmt":"2020-08-07T17:23:16","slug":"fmf-define-finais-do-campeonato-mineiro-no-mineirao-e-independencia","status":"publish","type":"post","link":"https:\/\/diarioregionaldigital.com.br\/?p=166304","title":{"rendered":"FMF define finais do Campeonato Mineiro no Mineir\u00e3o e Independ\u00eancia"},"content":{"rendered":"<p><span style=\"font-weight: 400;\">A Federa\u00e7\u00e3o Mineira de Futebol (FMF), determinou que os dois jogos da final do Campeonato Mineiro 2020, entre Atl\u00e9tico-MG x Tombense, ser\u00e3o disputados no dia 26 de agosto, \u00e0s 21h30 no Est\u00e1dio do Mineir\u00e3o e no dia 30 do mesmo m\u00eas, \u00e0s 16h00 na Arena Independ\u00eancia, ambos em Belo Horizonte. <\/span> <span style=\"font-weight: 400;\">Seguindo normas de preven\u00e7\u00e3o ao Coronav\u00edrus, os dois jogos da grande decis\u00e3o ser\u00e3o disputados com port\u00f5es fechados.<\/span><\/p>\n<p><span style=\"font-weight: 400;\">Por ter feito a melhor campanha na primeira fase, o Tombense tem a vantagem do mando de campo e escolheu levar o jogo para o Independ\u00eancia. Al\u00e9m disso, o time de Tombos joga por dois empates ou vit\u00f3ria e derrota pelo mesmo saldo de gols para erguer o trof\u00e9u do Mineiro pela primeira vez na hist\u00f3ria. J\u00e1 o Galo da Capital, optou em levar seu mando de jogo para o Mineir\u00e3o.<\/span><\/p>\n<p><span style=\"font-weight: 400;\">Al\u00e9m disso, o Tombense vivia a expectativa de levar o jogo para o Est\u00e1dio Almeid\u00e3o, entretanto, a fase mata-mata do Mineiro exige a presen\u00e7a do VAR (\u00e1rbitro de v\u00eddeo), e somente os dois est\u00e1dios da capital mineira est\u00e3o homologados.<\/span><\/p>\n<p><b>Mudan\u00e7as de outros jogos<\/b><\/p>\n<p><span style=\"font-weight: 400;\">O primeiro jogo da final ser\u00e1 numa quarta-feira, per\u00edodo no qual a Confedera\u00e7\u00e3o Brasileira de Futebol (CBF), marcou os jogos de volta da terceira fase da Copa do Brasil. Al\u00e9m disso, vale lembrar que o Atl\u00e9tico j\u00e1 est\u00e1 eliminado da competi\u00e7\u00e3o, ao perder nos p\u00eanaltis para o Afogados de Pernambuco.<\/span><\/p>\n<p><span style=\"font-weight: 400;\">Por conta da volta no dia 29, o duelo entre Atl\u00e9tico-MG e Athletico-PR, pela 6\u00aa rodada do Brasileiro est\u00e1 adiado, segundo a FMF. O mesmo ocorre com Tombense x Crici\u00fama, na 4\u00aa rodada do Grupo B da S\u00e9rie C, marcado tamb\u00e9m para 29.<\/span><\/p>\n","protected":false},"excerpt":{"rendered":"<p>A Federa\u00e7\u00e3o Mineira de Futebol (FMF), determinou que os dois jogos da final do Campeonato Mineiro 2020, entre Atl\u00e9tico-MG x Tombense, ser\u00e3o disputados no dia 26 de agosto, \u00e0s 21h30 no Est\u00e1dio do Mineir\u00e3o e no dia 30 do mesmo m\u00eas, \u00e0s 16h00 na Arena Independ\u00eancia, ambos em Belo Horizonte. Seguindo normas de preven\u00e7\u00e3o ao [&hellip;]<\/p>\n","protected":false},"author":96,"featured_media":166305,"comment_status":"closed","ping_status":"closed","sticky":false,"template":"","format":"standard","meta":{"footnotes":""},"categories":[436,257,439],"tags":[],"class_list":["post-166304","post","type-post","status-publish","format-standard","has-post-thumbnail","hentry","category-destaque-da-semana","category-esporte","category-ultima-hora"],"_links":{"self":[{"href":"https:\/\/diarioregionaldigital.com.br\/index.php?rest_route=\/wp\/v2\/posts\/166304","targetHints":{"allow":["GET"]}}],"collection":[{"href":"https:\/\/diarioregionaldigital.com.br\/index.php?rest_route=\/wp\/v2\/posts"}],"about":[{"href":"https:\/\/diarioregionaldigital.com.br\/index.php?rest_route=\/wp\/v2\/types\/post"}],"author":[{"embeddable":true,"href":"https:\/\/diarioregionaldigital.com.br\/index.php?rest_route=\/wp\/v2\/users\/96"}],"replies":[{"embeddable":true,"href":"https:\/\/diarioregionaldigital.com.br\/index.php?rest_route=%2Fwp%2Fv2%2Fcomments&post=166304"}],"version-history":[{"count":0,"href":"https:\/\/diarioregionaldigital.com.br\/index.php?rest_route=\/wp\/v2\/posts\/166304\/revisions"}],"wp:featuredmedia":[{"embeddable":true,"href":"https:\/\/diarioregionaldigital.com.br\/index.php?rest_route=\/wp\/v2\/media\/166305"}],"wp:attachment":[{"href":"https:\/\/diarioregionaldigital.com.br\/index.php?rest_route=%2Fwp%2Fv2%2Fmedia&parent=166304"}],"wp:term":[{"taxonomy":"category","embeddable":true,"href":"https:\/\/diarioregionaldigital.com.br\/index.php?rest_route=%2Fwp%2Fv2%2Fcategories&post=166304"},{"taxonomy":"post_tag","embeddable":true,"href":"https:\/\/diarioregionaldigital.com.br\/index.php?rest_route=%2Fwp%2Fv2%2Ftags&post=166304"}],"curies":[{"name":"wp","href":"https:\/\/api.w.org\/{rel}","templated":true}]}}