{"id":166301,"date":"2020-08-07T14:00:30","date_gmt":"2020-08-07T17:00:30","guid":{"rendered":"https:\/\/diarioregionaldigital.com.br\/?p=166301"},"modified":"2020-08-07T14:00:30","modified_gmt":"2020-08-07T17:00:30","slug":"editais-do-bolsa-atleta-passarao-a-ser-publicados-sempre-em-janeiro-a-partir-de-2021","status":"publish","type":"post","link":"https:\/\/diarioregionaldigital.com.br\/?p=166301","title":{"rendered":"Editais do Bolsa Atleta passar\u00e3o a ser publicados sempre em janeiro a partir de 2021"},"content":{"rendered":"<p><span style=\"font-weight: 400;\">Ap\u00f3s anunciar que o pr\u00f3ximo edital do Programa Bolsa Atleta, que ser\u00e1 lan\u00e7ado em janeiro de 2021, aceitar\u00e1, para efeito de elegibilidade ao patroc\u00ednio, os resultados esportivos de 2019 e de 2020, em raz\u00e3o dos impactos no esporte mundial decorrentes da pandemia do novo coronav\u00edrus (Covid-19), o secret\u00e1rio Especial do Esporte do Minist\u00e9rio da Cidadania, Marcelo Magalh\u00e3es, anunciou outra novidade: a partir de 2021, os editais do programa ser\u00e3o sempre lan\u00e7ados no m\u00eas de janeiro.<\/span><\/p>\n<p><span style=\"font-weight: 400;\">\u201cOs editais ser\u00e3o publicados sempre em janeiro. N\u00f3s procuramos acertar esse calend\u00e1rio para que respeite o ciclo de competi\u00e7\u00f5es at\u00e9 dezembro, de modo que em janeiro a gente tenha sempre o edital publicado. N\u00e3o vai ter mais gap. Ningu\u00e9m vai ficar sem receber. O governo, com essa medida, come\u00e7a a potencializar o Bolsa Atleta, porque a gente come\u00e7a a pagar o benef\u00edcio logo no in\u00edcio do ano seguinte ao ano de competi\u00e7\u00e3o que foi encerrado\u201d, afirma Marcelo Magalh\u00e3es.<\/span><\/p>\n<p><span style=\"font-weight: 400;\">\u201cA publica\u00e7\u00e3o do pr\u00f3ximo edital do programa Bolsa Atleta, em janeiro de 2021, \u00e9 a garantia da manuten\u00e7\u00e3o do apoio aos atletas neste per\u00edodo conturbado em fun\u00e7\u00e3o dos reflexos da pandemia da Covid-19. \u00c9 um compromisso do Governo Federal com o esporte brasileiro. Com o edital \u00fanico, os atletas ter\u00e3o tranquilidade e o apoio necess\u00e1rio para treinos e competi\u00e7\u00f5es, principalmente \u00e0s v\u00e9speras dos Jogos de T\u00f3quio. O cancelamento de competi\u00e7\u00f5es em 2020 n\u00e3o significar\u00e1 preju\u00edzo a nenhum atleta\u201d, refor\u00e7a o secret\u00e1rio Nacional de Alto Rendimento (SNEAR) da Secretaria Especial do Esporte do Minist\u00e9rio da Cidadania, Bruno Souza.<\/span><\/p>\n<p><span style=\"font-weight: 400;\">Coordenador-geral do Programa Bolsa Atleta do Minist\u00e9rio da Cidadania, Mosiah Rodrigues, ex-atleta ol\u00edmpico da gin\u00e1stica art\u00edstica, detalhou como se dar\u00e1 o processo a partir das publica\u00e7\u00f5es dos editais no primeiro m\u00eas do ano. \u201cTodos os atletas beneficiados atualmente pelo programa receber\u00e3o a bolsa at\u00e9 mar\u00e7o de 2021. Com o lan\u00e7amento do edital em janeiro, os pagamentos aos contemplados ter\u00e3o in\u00edcio em maio de 2021 e isso deve ser mantido para os anos seguintes, de modo que os atletas recebam o quanto antes os benef\u00edcios referentes ao desempenho do ano anterior\u201d, explica Mosiah.<\/span><\/p>\n<p><span style=\"font-weight: 400;\">Ap\u00f3s a divulga\u00e7\u00e3o de que o edital de 2021 levaria em conta tanto as competi\u00e7\u00f5es de 2019 quanto de 2020, tanto atletas ol\u00edmpicos e paral\u00edmpicos quanto representantes das principais engrenagens do setor esportivo manifestaram suporte \u00e0 op\u00e7\u00e3o da Secretaria Especial do Esporte do Minist\u00e9rio da Cidadania.\u00a0\u00a0<\/span><\/p>\n<p><b>For\u00e7a do programa<\/b><\/p>\n<p><span style=\"font-weight: 400;\">O Bolsa Atleta \u00e9 um dos maiores programas de patroc\u00ednio direto ao atleta do mundo e apresenta resultados fundamentais para o esporte brasileiro. Desde a cria\u00e7\u00e3o, em 2005, j\u00e1 foram concedidas mais de 69,5 mil bolsas, para 27 mil atletas de todo o pa\u00eds. O valor destinado pelo programa desde sua implanta\u00e7\u00e3o supera a marca de R$ 1,2 bilh\u00e3o.<\/span><\/p>\n<p><span style=\"font-weight: 400;\">A import\u00e2ncia do Bolsa Atleta pode ser medida nos Jogos Rio 2016. Na edi\u00e7\u00e3o ol\u00edmpica, 77% dos 465 atletas convocados para defender o Brasil eram bolsistas. Das 19 medalhas conquistadas pelos brasileiros \u2013 a maior campanha da hist\u00f3ria \u2013, apenas o ouro do futebol masculino n\u00e3o contou com bolsistas.<\/span><\/p>\n<p><span style=\"font-weight: 400;\">J\u00e1 nos Jogos Paral\u00edmpicos Rio 2016, o Brasil teve a maior delega\u00e7\u00e3o da hist\u00f3ria, com 286 atletas, sendo 90,9% bolsistas. Foram 72 medalhas conquistadas, em 13 esportes diferentes: 14 ouros, 29 pratas e 29 bronzes, al\u00e9m de 99 finais disputadas. Todas as medalhas foram conquistadas por atletas que recebiam o apoio da Secretaria Especial do Esporte do Minist\u00e9rio da Cidadania.<\/span><\/p>\n<p><span style=\"font-weight: 400;\">No ciclo para os Jogos de T\u00f3quio 2020, a for\u00e7a do Bolsa Atleta ficou clara mais uma vez nos Jogos Pan-Americanos e Parapan-Americanos de Lima 2019, no Peru, o maior evento multiesportivo antes dos Jogos no Jap\u00e3o para os atletas brasileiros.<\/span><\/p>\n<p><span style=\"font-weight: 400;\">No Pan, o Brasil protagonizou sua melhor campanha da hist\u00f3ria. Foram 171 medalhas, sendo 55 de ouro. Com isso, o pa\u00eds voltou a terminar em segundo lugar no quadro de medalhas, o que n\u00e3o acontecia desde 1963, na edi\u00e7\u00e3o dos Jogos realizada em S\u00e3o Paulo. Dos 485 atletas originalmente inscritos pelo Comit\u00ea Ol\u00edmpico Brasileiro para o Pan de Lima, 333 eram bolsistas. Do total de p\u00f3dios conquistados, 141 vieram com atletas beneficiados pelo programa.<\/span><\/p>\n<p><span style=\"font-weight: 400;\">No Parapan, o Brasil protagonizou um resultado hist\u00f3rico e chegou ao topo do quadro de medalhas com 308 p\u00f3dios. Foram 124 medalhas de ouro, 99 de prata e 85 de bronze. Do total de medalhas, 287 (93,18%) foram conquistadas por atletas contemplados pelo Bolsa Atleta.<\/span><\/p>\n<p><strong>Fonte:<\/strong> Assessoria<\/p>\n","protected":false},"excerpt":{"rendered":"<p>Ap\u00f3s anunciar que o pr\u00f3ximo edital do Programa Bolsa Atleta, que ser\u00e1 lan\u00e7ado em janeiro de 2021, aceitar\u00e1, para efeito de elegibilidade ao patroc\u00ednio, os resultados esportivos de 2019 e de 2020, em raz\u00e3o dos impactos no esporte mundial decorrentes da pandemia do novo coronav\u00edrus (Covid-19), o secret\u00e1rio Especial do Esporte do Minist\u00e9rio da Cidadania, [&hellip;]<\/p>\n","protected":false},"author":96,"featured_media":166302,"comment_status":"closed","ping_status":"closed","sticky":false,"template":"","format":"standard","meta":{"footnotes":""},"categories":[436,257,439],"tags":[],"class_list":["post-166301","post","type-post","status-publish","format-standard","has-post-thumbnail","hentry","category-destaque-da-semana","category-esporte","category-ultima-hora"],"_links":{"self":[{"href":"https:\/\/diarioregionaldigital.com.br\/index.php?rest_route=\/wp\/v2\/posts\/166301","targetHints":{"allow":["GET"]}}],"collection":[{"href":"https:\/\/diarioregionaldigital.com.br\/index.php?rest_route=\/wp\/v2\/posts"}],"about":[{"href":"https:\/\/diarioregionaldigital.com.br\/index.php?rest_route=\/wp\/v2\/types\/post"}],"author":[{"embeddable":true,"href":"https:\/\/diarioregionaldigital.com.br\/index.php?rest_route=\/wp\/v2\/users\/96"}],"replies":[{"embeddable":true,"href":"https:\/\/diarioregionaldigital.com.br\/index.php?rest_route=%2Fwp%2Fv2%2Fcomments&post=166301"}],"version-history":[{"count":0,"href":"https:\/\/diarioregionaldigital.com.br\/index.php?rest_route=\/wp\/v2\/posts\/166301\/revisions"}],"wp:featuredmedia":[{"embeddable":true,"href":"https:\/\/diarioregionaldigital.com.br\/index.php?rest_route=\/wp\/v2\/media\/166302"}],"wp:attachment":[{"href":"https:\/\/diarioregionaldigital.com.br\/index.php?rest_route=%2Fwp%2Fv2%2Fmedia&parent=166301"}],"wp:term":[{"taxonomy":"category","embeddable":true,"href":"https:\/\/diarioregionaldigital.com.br\/index.php?rest_route=%2Fwp%2Fv2%2Fcategories&post=166301"},{"taxonomy":"post_tag","embeddable":true,"href":"https:\/\/diarioregionaldigital.com.br\/index.php?rest_route=%2Fwp%2Fv2%2Ftags&post=166301"}],"curies":[{"name":"wp","href":"https:\/\/api.w.org\/{rel}","templated":true}]}}