{"id":166299,"date":"2020-08-07T13:37:04","date_gmt":"2020-08-07T16:37:04","guid":{"rendered":"https:\/\/diarioregionaldigital.com.br\/?p=166299"},"modified":"2020-08-07T13:37:04","modified_gmt":"2020-08-07T16:37:04","slug":"boletim-registra-aumento-de-mais-de-4-mil-novos-casos-por-coronavirus-em-minas-gerais","status":"publish","type":"post","link":"https:\/\/diarioregionaldigital.com.br\/?p=166299","title":{"rendered":"Boletim registra aumento de mais de 4 mil novos casos por Coronav\u00edrus em Minas Gerais"},"content":{"rendered":"<p>A Secretaria de Estado da Sa\u00fade de Minas Gerais (SES-MG), informa em\u00a0<a href=\"https:\/\/saude.mg.gov.br\/images\/1_noticias\/10_2020\/1_jul-ago-set\/07-08-Boletim_Epidemiologico_COVID-19.pdf\">boletim epidemiol\u00f3gico\u00a0<\/a>desta sexta-feira (7), que o estado registrou aumento de mais 4.495 novos casos por Coronav\u00edrus, totalizando 147.323. Conforme o levantamento, houve registro de mais 77 \u00f3bitos confirmados, contabilizando 3.381. Segundo o boletim, 115.582 pacientes est\u00e3o recuperados da doen\u00e7a, representando 78,4% dos casos. Al\u00e9m disso, 28.360 fazem acompanhamento m\u00e9dico. At\u00e9 ent\u00e3o foram feitos 81.690 testes laboratoriais, sendo que 20.093 deram positivo, 58.527 deram negativo e 1.672 est\u00e3o sob an\u00e1lise.<\/p>\n<p>A SES-MG informa que com a unifica\u00e7\u00e3o das informa\u00e7\u00f5es repassadas pelas prefeituras ao sistema federal, n\u00e3o ser\u00e3o feitas divulga\u00e7\u00f5es sobre os \u00f3bitos, como sexo e idade, de forma tempor\u00e1ria. A previs\u00e3o \u00e9 que as tais informa\u00e7\u00f5es sejam retomadas na pr\u00f3xima semana.<\/p>\n","protected":false},"excerpt":{"rendered":"<p>A Secretaria de Estado da Sa\u00fade de Minas Gerais (SES-MG), informa em\u00a0boletim epidemiol\u00f3gico\u00a0desta sexta-feira (7), que o estado registrou aumento de mais 4.495 novos casos por Coronav\u00edrus, totalizando 147.323. Conforme o levantamento, houve registro de mais 77 \u00f3bitos confirmados, contabilizando 3.381. Segundo o boletim, 115.582 pacientes est\u00e3o recuperados da doen\u00e7a, representando 78,4% dos casos. Al\u00e9m [&hellip;]<\/p>\n","protected":false},"author":96,"featured_media":158549,"comment_status":"closed","ping_status":"closed","sticky":false,"template":"","format":"standard","meta":{"footnotes":""},"categories":[436,440,252,439],"tags":[],"class_list":["post-166299","post","type-post","status-publish","format-standard","has-post-thumbnail","hentry","category-destaque-da-semana","category-destaques-do-dia","category-regiao","category-ultima-hora"],"_links":{"self":[{"href":"https:\/\/diarioregionaldigital.com.br\/index.php?rest_route=\/wp\/v2\/posts\/166299","targetHints":{"allow":["GET"]}}],"collection":[{"href":"https:\/\/diarioregionaldigital.com.br\/index.php?rest_route=\/wp\/v2\/posts"}],"about":[{"href":"https:\/\/diarioregionaldigital.com.br\/index.php?rest_route=\/wp\/v2\/types\/post"}],"author":[{"embeddable":true,"href":"https:\/\/diarioregionaldigital.com.br\/index.php?rest_route=\/wp\/v2\/users\/96"}],"replies":[{"embeddable":true,"href":"https:\/\/diarioregionaldigital.com.br\/index.php?rest_route=%2Fwp%2Fv2%2Fcomments&post=166299"}],"version-history":[{"count":0,"href":"https:\/\/diarioregionaldigital.com.br\/index.php?rest_route=\/wp\/v2\/posts\/166299\/revisions"}],"wp:featuredmedia":[{"embeddable":true,"href":"https:\/\/diarioregionaldigital.com.br\/index.php?rest_route=\/wp\/v2\/media\/158549"}],"wp:attachment":[{"href":"https:\/\/diarioregionaldigital.com.br\/index.php?rest_route=%2Fwp%2Fv2%2Fmedia&parent=166299"}],"wp:term":[{"taxonomy":"category","embeddable":true,"href":"https:\/\/diarioregionaldigital.com.br\/index.php?rest_route=%2Fwp%2Fv2%2Fcategories&post=166299"},{"taxonomy":"post_tag","embeddable":true,"href":"https:\/\/diarioregionaldigital.com.br\/index.php?rest_route=%2Fwp%2Fv2%2Ftags&post=166299"}],"curies":[{"name":"wp","href":"https:\/\/api.w.org\/{rel}","templated":true}]}}