{"id":166281,"date":"2020-08-07T01:42:28","date_gmt":"2020-08-07T04:42:28","guid":{"rendered":"https:\/\/diarioregionaldigital.com.br\/?p=166281"},"modified":"2020-08-07T01:42:28","modified_gmt":"2020-08-07T04:42:28","slug":"presidente-assina-medida-provisoria-que-garante-producao-de-vacina-contra-a-covid-19","status":"publish","type":"post","link":"https:\/\/diarioregionaldigital.com.br\/?p=166281","title":{"rendered":"Presidente assina Medida Provis\u00f3ria que garante produ\u00e7\u00e3o de vacina contra a Covid-19"},"content":{"rendered":"<p>O presidente da Rep\u00fablica, Jair Bolsonaro, assinou nessa quinta-feira (6), A Medida Provis\u00f3ria (MP) que viabiliza recursos para produ\u00e7\u00e3o e aquisi\u00e7\u00e3o da vacina contra a Covid-19, produzida pelo laborat\u00f3rio AstraZeneca e Universidade de Oxford. A proposta prev\u00ea um cr\u00e9dito or\u00e7ament\u00e1rio extraordin\u00e1rio de R$ 1,9 bilh\u00e3o para que a Fiocruz possa dar in\u00edcio \u00e0 produ\u00e7\u00e3o do imunobiol\u00f3gico. O ministro da Sa\u00fade interino, Eduardo Pazuello, participou da solenidade de assinatura da MP no Pal\u00e1cio do Planalto, em Bras\u00edlia (DF).<\/p>\n<p>A previs\u00e3o para in\u00edcio da produ\u00e7\u00e3o da vacina no Brasil \u00e9 a partir de dezembro deste ano. Em todo o mundo, esta \u00e9 a vacina que est\u00e1 em est\u00e1gio mais avan\u00e7ado. O Minist\u00e9rio da Sa\u00fade tamb\u00e9m acompanha pesquisas para o desenvolvimento de outras vacinas e pode firmar outras parcerias para garantir a prote\u00e7\u00e3o dos brasileiros na luta contra a doen\u00e7a e salvar vidas.<\/p>\n<p>O presidente da Rep\u00fablica, Jair Bolsonaro, ressaltou a import\u00e2ncia da parceria com o laborat\u00f3rio AstraZeneca e Universidade de Oxford, que possibilitar\u00e1 trazer a tecnologia da produ\u00e7\u00e3o da vacina para o pa\u00eds. \u201cO Minist\u00e9rio da Sa\u00fade procurou meios no mundo de buscar a vacina. O mais importante \u00e9 que nessa vacina vem a tecnologia para n\u00f3s. Temos como dizer que fizemos o poss\u00edvel e imposs\u00edvel para salvar vidas\u201d, destacou o presidente.<\/p>\n<p>Segundo o ministro da Sa\u00fade, Eduardo Pazuello, com a assinatura da Medida Provis\u00f3ria o pa\u00eds garante a aplica\u00e7\u00e3o de recursos em uma vacina que tem se mostrado a mais promissora do mundo. \u201cEstamos em busca de solu\u00e7\u00f5es que permitam ao pa\u00eds desenvolver tecnologias para a prote\u00e7\u00e3o dos brasileiros\u201d, afirmou o ministro.<\/p>\n<p>\u201cEsse \u00e9 um acordo de transfer\u00eancia de tecnologia ao Brasil. Isso significa que estamos garantindo a produ\u00e7\u00e3o e a entrega de 100 milh\u00f5es de doses, al\u00e9m de trazer para o pa\u00eds a capacidade de utilizar na ind\u00fastria nacional essa nova tecnologia e dar sustentabilidade ao Programa Nacional de Imuniza\u00e7\u00e3o\u201d, ressaltou.<\/p>\n<p>Na \u00faltima sexta-feira (31\/7), a Fiocruz, vinculada ao Minist\u00e9rio da Sa\u00fade, e o laborat\u00f3rio AstraZeneca assinaram um documento que dar\u00e1 base para o acordo sobre a transfer\u00eancia de tecnologia e produ\u00e7\u00e3o da vacina contra a Covid-19 no pa\u00eds, caso seja comprovada a sua efic\u00e1cia e seguran\u00e7a. O entendimento \u00e9 o passo seguinte \u00e0s negocia\u00e7\u00f5es realizadas pelo Governo Federal, a Embaixada Brit\u00e2nica e AstraZeneca.<\/p>\n<p>O Minist\u00e9rio da Sa\u00fade prev\u00ea um repasse de R$ 522,1 milh\u00f5es na estrutura de Bio-Manguinhos, unidade da Fiocruz produtora de imunobiol\u00f3gicos. O objetivo \u00e9 ampliar a capacidade nacional de produ\u00e7\u00e3o de vacinas e tecnologia dispon\u00edvel para a prote\u00e7\u00e3o da popula\u00e7\u00e3o. Outros R$ 1,3 bilh\u00e3o s\u00e3o despesas referentes a pagamentos previstos no contrato de Encomenda Tecnol\u00f3gica. Os valores contemplam a finaliza\u00e7\u00e3o da vacina. O acordo prev\u00ea o in\u00edcio da produ\u00e7\u00e3o da vacina no Brasil a partir de dezembro deste ano e garante total dom\u00ednio tecnol\u00f3gico para que Bio-Manguinhos tenha condi\u00e7\u00f5es de produzir a vacina de forma independente.<\/p>\n<p><strong>Produ\u00e7\u00e3o da vacina<\/strong><\/p>\n<p>O acordo entre Fiocruz e AstraZeneca \u00e9 resultado da coopera\u00e7\u00e3o entre o governo brasileiro e governo brit\u00e2nico, anunciado em 27 de junho pelo Minist\u00e9rio da Sa\u00fade. O pr\u00f3ximo passo ser\u00e1 a assinatura de um acordo de encomenda tecnol\u00f3gica, previsto para este m\u00eas, que garante o acesso a 100 milh\u00f5es de doses do insumo da vacina, das quais 30 milh\u00f5es de doses entre dezembro e janeiro e 70 milh\u00f5es ao longo dos dois primeiros trimestres de 2021.<\/p>\n<p>A Fiocruz recebeu informa\u00e7\u00f5es t\u00e9cnicas do laborat\u00f3rio AstraZeneca necess\u00e1rias para a defini\u00e7\u00e3o dos principais equipamentos para o in\u00edcio da produ\u00e7\u00e3o industrial. Com sua larga experi\u00eancia em produ\u00e7\u00e3o de vacinas, a institui\u00e7\u00e3o tamb\u00e9m colocar\u00e1 \u00e0 disposi\u00e7\u00e3o sua capacidade t\u00e9cnica a servi\u00e7o dos esfor\u00e7os mundiais para a acelera\u00e7\u00e3o do escalonamento industrial da vacina junto a outros parceiros.<\/p>\n<p>A vacina produzida por Bio-Manguinhos ser\u00e1 distribu\u00edda pelo Programa Nacional de Imuniza\u00e7\u00e3o (PNI), que atende o Sistema \u00danico de Sa\u00fade (SUS). O acordo com a AstraZeneca permitir\u00e1, al\u00e9m da incorpora\u00e7\u00e3o tecnol\u00f3gica desta vacina, o dom\u00ednio de uma plataforma para desenvolvimento de vacinas para preven\u00e7\u00e3o de outras enfermidades, como a mal\u00e1ria.<\/p>\n<p>&#8220;Nos seus 120 anos de hist\u00f3ria, a Fiocruz sempre respondeu \u00e0s grandes quest\u00f5es do SUS e \u00e0s emerg\u00eancias sanit\u00e1rias. Frente \u00e0 pandemia da Covid-19, chegarmos a esse momento para celebrar o acordo com a farmac\u00eautica AstraZeneca e realizar a encomenda tecnol\u00f3gica e a incorpora\u00e7\u00e3o da tecnologia em Bio-Manguinhos \u00e9 um passo fundamental para salvar vidas e garantir a autonomia e a soberania do nosso pa\u00eds na quest\u00e3o da vacina\u201d, ressalta N\u00edsia Trindade, presidente da Fiocruz.<\/p>\n<p><strong>Produ\u00e7\u00e3o de vacinas<\/strong><\/p>\n<p>O Minist\u00e9rio da Sa\u00fade possui interesse em adquirir qualquer vacina com comprovada efic\u00e1cia e imunogenecidade para garantir o que h\u00e1 de melhor no mundo para a popula\u00e7\u00e3o brasileira. Por isso, o Minist\u00e9rio tem acompanhado e avaliado as tecnologias que t\u00eam sido usadas para produ\u00e7\u00e3o dessas vacinas.<\/p>\n<p>Atualmente, o Brasil acompanha o desenvolvimento de 231 vacinas no mundo, sendo que 38 j\u00e1 est\u00e3o em fase cl\u00ednica. S\u00e3o 58 vacinas dos EUA (6 em fase cl\u00ednica), 32 da China (11 em fase cl\u00ednica), 9 do Reino Unido (2 em fase cl\u00ednica), 16 do Canad\u00e1 (1 em fase cl\u00ednica) e 8 da R\u00fassia (1 em fase cl\u00ednica). Al\u00e9m disso, outras 7 est\u00e3o sendo desenvolvidas no Jap\u00e3o e 6 no Brasil, que ainda n\u00e3o est\u00e3o em fase cl\u00ednica.<\/p>\n<p>\u201cEm rela\u00e7\u00e3o \u00e0s outras possibilidades de vacina, temos feito todo acompanhamento, reuni\u00f5es com proponentes e diferentes pesquisadores\u201d, destacou o secret\u00e1rio de Ci\u00eancia, Tecnologia e Insumos Estrat\u00e9gicos, H\u00e9lio Angotti Neto. \u201c\u00c9 feito todo um estudo de qual fase de desenvolvimento est\u00e1 cada uma dessas vacinas que est\u00e3o entrando na fase cl\u00ednica de estudo, que s\u00e3o as vacinas que t\u00eam maior perspectiva de ficarem prontas mais r\u00e1pido\u201d, pontuou.<\/p>\n<p>Para apoiar o desenvolvimento de uma vacina, o Minist\u00e9rio da Sa\u00fade utiliza alguns crit\u00e9rios. Prioriza as vacinas que levam em considera\u00e7\u00e3o as caracter\u00edsticas da popula\u00e7\u00e3o brasileira, que s\u00e3o testadas em territ\u00f3rio brasileiro com todas as normas de avalia\u00e7\u00e3o e risco. S\u00e3o priorizadas ainda as vacinas que est\u00e3o em estado mais avan\u00e7ado de pesquisa, que neste caso est\u00e3o na fase cl\u00ednica de testes, ou seja, j\u00e1 est\u00e3o sendo testadas em humanos.<\/p>\n<p><strong>Fonte:<\/strong> Ag\u00eancia Sa\u00fade<\/p>\n","protected":false},"excerpt":{"rendered":"<p>O presidente da Rep\u00fablica, Jair Bolsonaro, assinou nessa quinta-feira (6), A Medida Provis\u00f3ria (MP) que viabiliza recursos para produ\u00e7\u00e3o e aquisi\u00e7\u00e3o da vacina contra a Covid-19, produzida pelo laborat\u00f3rio AstraZeneca e Universidade de Oxford. A proposta prev\u00ea um cr\u00e9dito or\u00e7ament\u00e1rio extraordin\u00e1rio de R$ 1,9 bilh\u00e3o para que a Fiocruz possa dar in\u00edcio \u00e0 produ\u00e7\u00e3o do [&hellip;]<\/p>\n","protected":false},"author":96,"featured_media":166282,"comment_status":"closed","ping_status":"closed","sticky":false,"template":"","format":"standard","meta":{"footnotes":""},"categories":[302,436,440,439],"tags":[],"class_list":["post-166281","post","type-post","status-publish","format-standard","has-post-thumbnail","hentry","category-brasil-mundo","category-destaque-da-semana","category-destaques-do-dia","category-ultima-hora"],"_links":{"self":[{"href":"https:\/\/diarioregionaldigital.com.br\/index.php?rest_route=\/wp\/v2\/posts\/166281","targetHints":{"allow":["GET"]}}],"collection":[{"href":"https:\/\/diarioregionaldigital.com.br\/index.php?rest_route=\/wp\/v2\/posts"}],"about":[{"href":"https:\/\/diarioregionaldigital.com.br\/index.php?rest_route=\/wp\/v2\/types\/post"}],"author":[{"embeddable":true,"href":"https:\/\/diarioregionaldigital.com.br\/index.php?rest_route=\/wp\/v2\/users\/96"}],"replies":[{"embeddable":true,"href":"https:\/\/diarioregionaldigital.com.br\/index.php?rest_route=%2Fwp%2Fv2%2Fcomments&post=166281"}],"version-history":[{"count":0,"href":"https:\/\/diarioregionaldigital.com.br\/index.php?rest_route=\/wp\/v2\/posts\/166281\/revisions"}],"wp:featuredmedia":[{"embeddable":true,"href":"https:\/\/diarioregionaldigital.com.br\/index.php?rest_route=\/wp\/v2\/media\/166282"}],"wp:attachment":[{"href":"https:\/\/diarioregionaldigital.com.br\/index.php?rest_route=%2Fwp%2Fv2%2Fmedia&parent=166281"}],"wp:term":[{"taxonomy":"category","embeddable":true,"href":"https:\/\/diarioregionaldigital.com.br\/index.php?rest_route=%2Fwp%2Fv2%2Fcategories&post=166281"},{"taxonomy":"post_tag","embeddable":true,"href":"https:\/\/diarioregionaldigital.com.br\/index.php?rest_route=%2Fwp%2Fv2%2Ftags&post=166281"}],"curies":[{"name":"wp","href":"https:\/\/api.w.org\/{rel}","templated":true}]}}