{"id":166278,"date":"2020-08-07T06:00:32","date_gmt":"2020-08-07T09:00:32","guid":{"rendered":"https:\/\/diarioregionaldigital.com.br\/?p=166278"},"modified":"2020-08-07T00:40:57","modified_gmt":"2020-08-07T03:40:57","slug":"papo-cabeca","status":"publish","type":"post","link":"https:\/\/diarioregionaldigital.com.br\/?p=166278","title":{"rendered":"Papo Cabe\u00e7a"},"content":{"rendered":"<p style=\"text-align: center;\"><strong>Espa\u00e7o P\u00fablicos<\/strong><\/p>\n<p style=\"text-align: center;\">A Prefeitura de Juiz de Fora lan\u00e7ou o programa \u201cPra\u00e7a Viva\u201d que contempla espa\u00e7os p\u00fablicos e esportivos com ado\u00e7\u00e3o n\u00e3o onerosa. O lan\u00e7amento virtual teve lideran\u00e7as comunit\u00e1rias e empres\u00e1rios participando em solenidade remota transmitida pelas redes sociais.<\/p>\n<p style=\"text-align: center;\"><strong>Regando<\/strong><\/p>\n<p style=\"text-align: center;\">Bonita e elegante, Ana Lu\u00edsa Bernarchi foi at\u00e9 as olivais chilenos do Valle do Curic\u00f3 para produzir o azeite Bravo (R$29,500 mil). Um dos triunfos e que as oliveiras e a f\u00e1brica ficam pertinho, deixando o produto final bem fresco, e o sabor picante e frutado.<\/p>\n<p style=\"text-align: center;\"><strong>Sucesso Total<\/strong><\/p>\n<p style=\"text-align: center;\">A Viva Eventos que j\u00e1 foi homenageada na festa deste colunista \u201cOs Melhores do Ano\u201d est\u00e1 em festa comemorando 13 anos. A empresa recebeu da Associa\u00e7\u00e3o Brasileira de Franchising (ABF) um pr\u00eamio excel\u00eancia por figurar entre as cinco mais representativas do pa\u00eds em entretenimento. Ponto para o diretor Fernando Sotrate.<\/p>\n<p style=\"text-align: center;\"><span style=\"font-size: 14pt;\"><strong>Papo Cabe\u00e7a<\/strong><\/span><\/p>\n<p style=\"text-align: center;\">Em tempo de crise, o Conselho Regional de Psicologia (CRP) liberou a realiza\u00e7\u00e3o do teleatendimento para profissionais da categoria. Em Juiz de Fora, a psic\u00f3loga Raiana Ramada \u00e9 dos destaques na presta\u00e7\u00e3o desse servi\u00e7o para crian\u00e7as adultos e idosos. A proposta ajuda aliviar as press\u00f5es do cen\u00e1rio de excepcionalidade.<\/p>\n<div id=\"attachment_166263\" style=\"width: 690px\" class=\"wp-caption aligncenter\"><img loading=\"lazy\" decoding=\"async\" aria-describedby=\"caption-attachment-166263\" class=\"wp-image-166263\" src=\"https:\/\/diarioregionaldigital.com.br\/wp-content\/uploads\/2020\/08\/fotoj-2-e1596771069370.jpg\" alt=\"\" width=\"680\" height=\"507\" srcset=\"https:\/\/diarioregionaldigital.com.br\/wp-content\/uploads\/2020\/08\/fotoj-2-e1596771069370.jpg 720w, https:\/\/diarioregionaldigital.com.br\/wp-content\/uploads\/2020\/08\/fotoj-2-e1596771069370-300x224.jpg 300w, https:\/\/diarioregionaldigital.com.br\/wp-content\/uploads\/2020\/08\/fotoj-2-e1596771069370-360x269.jpg 360w\" sizes=\"auto, (max-width: 680px) 100vw, 680px\" \/><p id=\"caption-attachment-166263\" class=\"wp-caption-text\">O empres\u00e1rio M\u00e1rcio Marques aniversaria no s\u00e1bado (8) e festejou com Eduardo Gomes antes da pandemia<\/p><\/div>\n<div id=\"attachment_166253\" style=\"width: 690px\" class=\"wp-caption aligncenter\"><img loading=\"lazy\" decoding=\"async\" aria-describedby=\"caption-attachment-166253\" class=\"wp-image-166253\" src=\"https:\/\/diarioregionaldigital.com.br\/wp-content\/uploads\/2020\/08\/fotoa-e1596771485679.jpeg\" alt=\"\" width=\"680\" height=\"530\" srcset=\"https:\/\/diarioregionaldigital.com.br\/wp-content\/uploads\/2020\/08\/fotoa-e1596771485679.jpeg 854w, https:\/\/diarioregionaldigital.com.br\/wp-content\/uploads\/2020\/08\/fotoa-e1596771485679-300x234.jpeg 300w, https:\/\/diarioregionaldigital.com.br\/wp-content\/uploads\/2020\/08\/fotoa-e1596771485679-768x598.jpeg 768w, https:\/\/diarioregionaldigital.com.br\/wp-content\/uploads\/2020\/08\/fotoa-e1596771485679-360x280.jpeg 360w\" sizes=\"auto, (max-width: 680px) 100vw, 680px\" \/><p id=\"caption-attachment-166253\" class=\"wp-caption-text\">Festejando anivers\u00e1rio em ritmo refinado a bela modelo, Anna Eliza<\/p><\/div>\n<div id=\"attachment_166256\" style=\"width: 690px\" class=\"wp-caption aligncenter\"><img loading=\"lazy\" decoding=\"async\" aria-describedby=\"caption-attachment-166256\" class=\"wp-image-166256\" src=\"https:\/\/diarioregionaldigital.com.br\/wp-content\/uploads\/2020\/08\/fotoc-3-e1596771319806.jpg\" alt=\"\" width=\"680\" height=\"578\" srcset=\"https:\/\/diarioregionaldigital.com.br\/wp-content\/uploads\/2020\/08\/fotoc-3-e1596771319806.jpg 538w, https:\/\/diarioregionaldigital.com.br\/wp-content\/uploads\/2020\/08\/fotoc-3-e1596771319806-300x255.jpg 300w, https:\/\/diarioregionaldigital.com.br\/wp-content\/uploads\/2020\/08\/fotoc-3-e1596771319806-360x306.jpg 360w\" sizes=\"auto, (max-width: 680px) 100vw, 680px\" \/><p id=\"caption-attachment-166256\" class=\"wp-caption-text\">A bela da tarde Cleyton Ulisses<\/p><\/div>\n<div id=\"attachment_166254\" style=\"width: 690px\" class=\"wp-caption aligncenter\"><img loading=\"lazy\" decoding=\"async\" aria-describedby=\"caption-attachment-166254\" class=\"wp-image-166254\" src=\"https:\/\/diarioregionaldigital.com.br\/wp-content\/uploads\/2020\/08\/fotoaa-e1596771424342.png\" alt=\"\" width=\"680\" height=\"476\" srcset=\"https:\/\/diarioregionaldigital.com.br\/wp-content\/uploads\/2020\/08\/fotoaa-e1596771424342.png 1475w, https:\/\/diarioregionaldigital.com.br\/wp-content\/uploads\/2020\/08\/fotoaa-e1596771424342-300x210.png 300w, https:\/\/diarioregionaldigital.com.br\/wp-content\/uploads\/2020\/08\/fotoaa-e1596771424342-1024x717.png 1024w, https:\/\/diarioregionaldigital.com.br\/wp-content\/uploads\/2020\/08\/fotoaa-e1596771424342-768x538.png 768w, https:\/\/diarioregionaldigital.com.br\/wp-content\/uploads\/2020\/08\/fotoaa-e1596771424342-360x252.png 360w, https:\/\/diarioregionaldigital.com.br\/wp-content\/uploads\/2020\/08\/fotoaa-e1596771424342-100x70.png 100w\" sizes=\"auto, (max-width: 680px) 100vw, 680px\" \/><p id=\"caption-attachment-166254\" class=\"wp-caption-text\">O professor Fred Alvim em ritmo de aulas em Videoconfer\u00eancia para o Vianna J\u00fanior<\/p><\/div>\n<div id=\"attachment_166255\" style=\"width: 690px\" class=\"wp-caption aligncenter\"><img loading=\"lazy\" decoding=\"async\" aria-describedby=\"caption-attachment-166255\" class=\"wp-image-166255\" src=\"https:\/\/diarioregionaldigital.com.br\/wp-content\/uploads\/2020\/08\/fotob-3-e1596771378690.jpg\" alt=\"\" width=\"680\" height=\"545\" srcset=\"https:\/\/diarioregionaldigital.com.br\/wp-content\/uploads\/2020\/08\/fotob-3-e1596771378690.jpg 539w, https:\/\/diarioregionaldigital.com.br\/wp-content\/uploads\/2020\/08\/fotob-3-e1596771378690-300x240.jpg 300w, https:\/\/diarioregionaldigital.com.br\/wp-content\/uploads\/2020\/08\/fotob-3-e1596771378690-360x289.jpg 360w\" sizes=\"auto, (max-width: 680px) 100vw, 680px\" \/><p id=\"caption-attachment-166255\" class=\"wp-caption-text\">Em cena rural, o querido m\u00e9dico psiquiatra Helio F\u00e1del<\/p><\/div>\n<div id=\"attachment_166260\" style=\"width: 690px\" class=\"wp-caption aligncenter\"><img loading=\"lazy\" decoding=\"async\" aria-describedby=\"caption-attachment-166260\" class=\"wp-image-166260\" src=\"https:\/\/diarioregionaldigital.com.br\/wp-content\/uploads\/2020\/08\/fotog-3-e1596771160214.jpg\" alt=\"\" width=\"680\" height=\"454\" srcset=\"https:\/\/diarioregionaldigital.com.br\/wp-content\/uploads\/2020\/08\/fotog-3-e1596771160214.jpg 709w, https:\/\/diarioregionaldigital.com.br\/wp-content\/uploads\/2020\/08\/fotog-3-e1596771160214-300x200.jpg 300w, https:\/\/diarioregionaldigital.com.br\/wp-content\/uploads\/2020\/08\/fotog-3-e1596771160214-360x240.jpg 360w\" sizes=\"auto, (max-width: 680px) 100vw, 680px\" \/><p id=\"caption-attachment-166260\" class=\"wp-caption-text\">Em Cabo Frio, os bonit\u00f5es Jamerson James e Rodrigo Moura (aniversariando)<\/p><\/div>\n<div id=\"attachment_166261\" style=\"width: 690px\" class=\"wp-caption aligncenter\"><img loading=\"lazy\" decoding=\"async\" aria-describedby=\"caption-attachment-166261\" class=\"wp-image-166261\" src=\"https:\/\/diarioregionaldigital.com.br\/wp-content\/uploads\/2020\/08\/fotoh-1-e1596771126123.jpg\" alt=\"\" width=\"680\" height=\"470\" srcset=\"https:\/\/diarioregionaldigital.com.br\/wp-content\/uploads\/2020\/08\/fotoh-1-e1596771126123.jpg 948w, https:\/\/diarioregionaldigital.com.br\/wp-content\/uploads\/2020\/08\/fotoh-1-e1596771126123-300x207.jpg 300w, https:\/\/diarioregionaldigital.com.br\/wp-content\/uploads\/2020\/08\/fotoh-1-e1596771126123-768x531.jpg 768w, https:\/\/diarioregionaldigital.com.br\/wp-content\/uploads\/2020\/08\/fotoh-1-e1596771126123-360x249.jpg 360w, https:\/\/diarioregionaldigital.com.br\/wp-content\/uploads\/2020\/08\/fotoh-1-e1596771126123-100x70.jpg 100w\" sizes=\"auto, (max-width: 680px) 100vw, 680px\" \/><p id=\"caption-attachment-166261\" class=\"wp-caption-text\">Amigos queridos deste colunista, Marcos Carneiro e Marcos Ot\u00e1vio<\/p><\/div>\n<div id=\"attachment_166262\" style=\"width: 690px\" class=\"wp-caption aligncenter\"><img loading=\"lazy\" decoding=\"async\" aria-describedby=\"caption-attachment-166262\" class=\"wp-image-166262\" src=\"https:\/\/diarioregionaldigital.com.br\/wp-content\/uploads\/2020\/08\/fotoi-1-e1596771100983.jpg\" alt=\"\" width=\"680\" height=\"528\" srcset=\"https:\/\/diarioregionaldigital.com.br\/wp-content\/uploads\/2020\/08\/fotoi-1-e1596771100983.jpg 1142w, https:\/\/diarioregionaldigital.com.br\/wp-content\/uploads\/2020\/08\/fotoi-1-e1596771100983-300x233.jpg 300w, https:\/\/diarioregionaldigital.com.br\/wp-content\/uploads\/2020\/08\/fotoi-1-e1596771100983-1024x795.jpg 1024w, https:\/\/diarioregionaldigital.com.br\/wp-content\/uploads\/2020\/08\/fotoi-1-e1596771100983-768x597.jpg 768w, https:\/\/diarioregionaldigital.com.br\/wp-content\/uploads\/2020\/08\/fotoi-1-e1596771100983-360x280.jpg 360w\" sizes=\"auto, (max-width: 680px) 100vw, 680px\" \/><p id=\"caption-attachment-166262\" class=\"wp-caption-text\">Em Copacabana (RJ) os lindos: a psic\u00f3loga Alessandra Ferraz e o estilista Gustavo Almeida<\/p><\/div>\n<div id=\"attachment_166257\" style=\"width: 690px\" class=\"wp-caption aligncenter\"><img loading=\"lazy\" decoding=\"async\" aria-describedby=\"caption-attachment-166257\" class=\"wp-image-166257\" src=\"https:\/\/diarioregionaldigital.com.br\/wp-content\/uploads\/2020\/08\/fotod-3-e1596771263590.jpg\" alt=\"\" width=\"680\" height=\"465\" srcset=\"https:\/\/diarioregionaldigital.com.br\/wp-content\/uploads\/2020\/08\/fotod-3-e1596771263590.jpg 933w, https:\/\/diarioregionaldigital.com.br\/wp-content\/uploads\/2020\/08\/fotod-3-e1596771263590-300x205.jpg 300w, https:\/\/diarioregionaldigital.com.br\/wp-content\/uploads\/2020\/08\/fotod-3-e1596771263590-768x525.jpg 768w, https:\/\/diarioregionaldigital.com.br\/wp-content\/uploads\/2020\/08\/fotod-3-e1596771263590-360x246.jpg 360w\" sizes=\"auto, (max-width: 680px) 100vw, 680px\" \/><p id=\"caption-attachment-166257\" class=\"wp-caption-text\">Mulheres cultas e empoderadas: Maria Helena Sleutjes, Ros\u00e2ngela Rossi e Edna Fattori<\/p><\/div>\n<div id=\"attachment_166258\" style=\"width: 690px\" class=\"wp-caption aligncenter\"><img loading=\"lazy\" decoding=\"async\" aria-describedby=\"caption-attachment-166258\" class=\"wp-image-166258\" src=\"https:\/\/diarioregionaldigital.com.br\/wp-content\/uploads\/2020\/08\/fotoe-3-e1596771227602.jpg\" alt=\"\" width=\"680\" height=\"449\" srcset=\"https:\/\/diarioregionaldigital.com.br\/wp-content\/uploads\/2020\/08\/fotoe-3-e1596771227602.jpg 909w, https:\/\/diarioregionaldigital.com.br\/wp-content\/uploads\/2020\/08\/fotoe-3-e1596771227602-300x198.jpg 300w, https:\/\/diarioregionaldigital.com.br\/wp-content\/uploads\/2020\/08\/fotoe-3-e1596771227602-768x507.jpg 768w, https:\/\/diarioregionaldigital.com.br\/wp-content\/uploads\/2020\/08\/fotoe-3-e1596771227602-360x238.jpg 360w\" sizes=\"auto, (max-width: 680px) 100vw, 680px\" \/><p id=\"caption-attachment-166258\" class=\"wp-caption-text\">Nas montanhas de Minas, Talison Vardiero, Hiago Soares e Ana L\u00edvia<\/p><\/div>\n<div id=\"attachment_166259\" style=\"width: 690px\" class=\"wp-caption aligncenter\"><img loading=\"lazy\" decoding=\"async\" aria-describedby=\"caption-attachment-166259\" class=\"wp-image-166259\" src=\"https:\/\/diarioregionaldigital.com.br\/wp-content\/uploads\/2020\/08\/fotof-1-e1596771191716.jpg\" alt=\"\" width=\"680\" height=\"465\" srcset=\"https:\/\/diarioregionaldigital.com.br\/wp-content\/uploads\/2020\/08\/fotof-1-e1596771191716.jpg 1058w, https:\/\/diarioregionaldigital.com.br\/wp-content\/uploads\/2020\/08\/fotof-1-e1596771191716-300x205.jpg 300w, https:\/\/diarioregionaldigital.com.br\/wp-content\/uploads\/2020\/08\/fotof-1-e1596771191716-1024x700.jpg 1024w, https:\/\/diarioregionaldigital.com.br\/wp-content\/uploads\/2020\/08\/fotof-1-e1596771191716-768x525.jpg 768w, https:\/\/diarioregionaldigital.com.br\/wp-content\/uploads\/2020\/08\/fotof-1-e1596771191716-360x246.jpg 360w\" sizes=\"auto, (max-width: 680px) 100vw, 680px\" \/><p id=\"caption-attachment-166259\" class=\"wp-caption-text\">Elegantes em Carlos Alves (MG), Marc\u00edlio Gomes, Patr\u00edcia Mansur, Sandra Cordeiro, Lucia Manoel<\/p><\/div>\n<p style=\"text-align: center;\"><strong>FOTOSS\u00cdNTESE<\/strong><\/p>\n<p>Aniversariante de destaque do s\u00e1bado (8), o empres\u00e1rio bonit\u00e3o Marcio Marques. Ele solicitou aos amigos que em vez de presentes enviar uma cesta b\u00e1sica para doar para o projeto M\u00e3o Amiga. Belo exemplo.<\/p>\n<p>Quebrando a quarentena o estilista Gustavo Almeida foi passar uns dias no Rio de Janeiro.<\/p>\n<p>Com o cen\u00e1rio da Alphaville como testemunha a Euroville promoveu test-drive dos modelos BMW M850, M5.530 e X4 M40 e X7.<\/p>\n<p>Enviando not\u00edcias de Roma, a bela P\u00e2mela Sereia. Da Espanha J\u00falia Branco. E de Portugal Maria Aparecida Barral.<\/p>\n<p>Foi coroado de sucesso a a\u00e7\u00e3o solid\u00e1ria promovida pelo Lions Liberdade e servi\u00e7o com venda de caldos pelo WhatsApp.<\/p>\n<p>Com o inverno batendo na porta, a Funda\u00e7\u00e3o Maria M\u00e3e est\u00e1 indo a luta arrecadando agasalhos. Para doar, o fone: 3212-5072.<\/p>\n<p>Fazendo muito sucesso, os salgadinhos finos da Petiscando. Encomendas (32) 99962-4783.<\/p>\n<p>Em breve divulgaremos os nomes dos talentosos profissionais que ir\u00e3o receber o Trof\u00e9u \u201cOs Melhores do Ano 2020\u201d. Di\u00e1rio Regional-RCWTV, em sua vers\u00e3o on-line. Aguardem.<\/p>\n<p>Extra&#8230;Extra: Com a comida n\u00f3s resolvemos o presente, com a conectividade, o futuro\u201d. (Edu Lyra). Bom dia.<\/p>\n<p><img loading=\"lazy\" decoding=\"async\" class=\"aligncenter size-full wp-image-166276\" src=\"https:\/\/diarioregionaldigital.com.br\/wp-content\/uploads\/2020\/08\/anuncio13-scaled.jpg\" alt=\"\" width=\"2560\" height=\"940\" srcset=\"https:\/\/diarioregionaldigital.com.br\/wp-content\/uploads\/2020\/08\/anuncio13-scaled.jpg 2560w, https:\/\/diarioregionaldigital.com.br\/wp-content\/uploads\/2020\/08\/anuncio13-300x110.jpg 300w, https:\/\/diarioregionaldigital.com.br\/wp-content\/uploads\/2020\/08\/anuncio13-1024x376.jpg 1024w, https:\/\/diarioregionaldigital.com.br\/wp-content\/uploads\/2020\/08\/anuncio13-768x282.jpg 768w, https:\/\/diarioregionaldigital.com.br\/wp-content\/uploads\/2020\/08\/anuncio13-1536x564.jpg 1536w, https:\/\/diarioregionaldigital.com.br\/wp-content\/uploads\/2020\/08\/anuncio13-2048x752.jpg 2048w, https:\/\/diarioregionaldigital.com.br\/wp-content\/uploads\/2020\/08\/anuncio13-360x132.jpg 360w\" sizes=\"auto, (max-width: 2560px) 100vw, 2560px\" \/><\/p>\n","protected":false},"excerpt":{"rendered":"<p>Espa\u00e7o P\u00fablicos A Prefeitura de Juiz de Fora lan\u00e7ou o programa \u201cPra\u00e7a Viva\u201d que contempla espa\u00e7os p\u00fablicos e esportivos com ado\u00e7\u00e3o n\u00e3o onerosa. O lan\u00e7amento virtual teve lideran\u00e7as comunit\u00e1rias e empres\u00e1rios participando em solenidade remota transmitida pelas redes sociais. Regando Bonita e elegante, Ana Lu\u00edsa Bernarchi foi at\u00e9 as olivais chilenos do Valle do Curic\u00f3 [&hellip;]<\/p>\n","protected":false},"author":96,"featured_media":166263,"comment_status":"closed","ping_status":"closed","sticky":false,"template":"","format":"standard","meta":{"footnotes":""},"categories":[264],"tags":[],"class_list":["post-166278","post","type-post","status-publish","format-standard","has-post-thumbnail","hentry","category-eduardo-gomes"],"_links":{"self":[{"href":"https:\/\/diarioregionaldigital.com.br\/index.php?rest_route=\/wp\/v2\/posts\/166278","targetHints":{"allow":["GET"]}}],"collection":[{"href":"https:\/\/diarioregionaldigital.com.br\/index.php?rest_route=\/wp\/v2\/posts"}],"about":[{"href":"https:\/\/diarioregionaldigital.com.br\/index.php?rest_route=\/wp\/v2\/types\/post"}],"author":[{"embeddable":true,"href":"https:\/\/diarioregionaldigital.com.br\/index.php?rest_route=\/wp\/v2\/users\/96"}],"replies":[{"embeddable":true,"href":"https:\/\/diarioregionaldigital.com.br\/index.php?rest_route=%2Fwp%2Fv2%2Fcomments&post=166278"}],"version-history":[{"count":0,"href":"https:\/\/diarioregionaldigital.com.br\/index.php?rest_route=\/wp\/v2\/posts\/166278\/revisions"}],"wp:featuredmedia":[{"embeddable":true,"href":"https:\/\/diarioregionaldigital.com.br\/index.php?rest_route=\/wp\/v2\/media\/166263"}],"wp:attachment":[{"href":"https:\/\/diarioregionaldigital.com.br\/index.php?rest_route=%2Fwp%2Fv2%2Fmedia&parent=166278"}],"wp:term":[{"taxonomy":"category","embeddable":true,"href":"https:\/\/diarioregionaldigital.com.br\/index.php?rest_route=%2Fwp%2Fv2%2Fcategories&post=166278"},{"taxonomy":"post_tag","embeddable":true,"href":"https:\/\/diarioregionaldigital.com.br\/index.php?rest_route=%2Fwp%2Fv2%2Ftags&post=166278"}],"curies":[{"name":"wp","href":"https:\/\/api.w.org\/{rel}","templated":true}]}}