{"id":166272,"date":"2020-08-07T06:00:53","date_gmt":"2020-08-07T09:00:53","guid":{"rendered":"https:\/\/diarioregionaldigital.com.br\/?p=166272"},"modified":"2020-08-07T00:12:35","modified_gmt":"2020-08-07T03:12:35","slug":"prefeitura-municipal-de-tocantins-processo-no-085-07-08-2020","status":"publish","type":"post","link":"https:\/\/diarioregionaldigital.com.br\/?p=166272","title":{"rendered":"Prefeitura Municipal de Tocantins &#8211; Processo n\u00ba 085 &#8211; 07\/08\/2020"},"content":{"rendered":"<p style=\"text-align: center;\"><strong>PREFEITURA MUNICIPAL DE TOCANTINS\/MG\u00a0<\/strong><\/p>\n<p style=\"text-align: center;\"><strong>DESPACHO<\/strong><\/p>\n<p style=\"text-align: center;\"><strong>PROCESSO N\u00b0085\/2020<\/strong><\/p>\n<p style=\"text-align: center;\"><strong>PREG\u00c3O PRESENCIAL N\u00b0036\/2020<\/strong><\/p>\n<p style=\"text-align: center;\">Nos termos do parecer da assessoria jur\u00eddica e decis\u00e3o de, fls.94\/95, dou provimento a impugna\u00e7\u00e3o ao edital formulada pela empresa PLANEJAR CONSULTORES ASSOCIADOS LTDA. CNPJ 26.125.096\/0001-08 e SUSPENDO a abertura do certame designada para o dia 10\/08\/2020 \u00e0s 08:00hs. O edital ser\u00e1 retificado, com designa\u00e7\u00e3o de nova data para<\/p>\n<p style=\"text-align: center;\">Sess\u00e3o p\u00fablica de abertura e julgamento de propostas.<\/p>\n<p style=\"text-align: center;\">Tocantins, 06 de AGOSTO de 2020.<\/p>\n<p style=\"text-align: center;\"><strong>Ana Lucia Rodrigues<\/strong><\/p>\n<p style=\"text-align: center;\"><strong>Pregoeira<\/strong><\/p>\n","protected":false},"excerpt":{"rendered":"<p>PREFEITURA MUNICIPAL DE TOCANTINS\/MG\u00a0 DESPACHO PROCESSO N\u00b0085\/2020 PREG\u00c3O PRESENCIAL N\u00b0036\/2020 Nos termos do parecer da assessoria jur\u00eddica e decis\u00e3o de, fls.94\/95, dou provimento a impugna\u00e7\u00e3o ao edital formulada pela empresa PLANEJAR CONSULTORES ASSOCIADOS LTDA. CNPJ 26.125.096\/0001-08 e SUSPENDO a abertura do certame designada para o dia 10\/08\/2020 \u00e0s 08:00hs. O edital ser\u00e1 retificado, com designa\u00e7\u00e3o [&hellip;]<\/p>\n","protected":false},"author":96,"featured_media":0,"comment_status":"closed","ping_status":"closed","sticky":false,"template":"","format":"standard","meta":{"footnotes":""},"categories":[307],"tags":[],"class_list":["post-166272","post","type-post","status-publish","format-standard","hentry","category-editais"],"_links":{"self":[{"href":"https:\/\/diarioregionaldigital.com.br\/index.php?rest_route=\/wp\/v2\/posts\/166272","targetHints":{"allow":["GET"]}}],"collection":[{"href":"https:\/\/diarioregionaldigital.com.br\/index.php?rest_route=\/wp\/v2\/posts"}],"about":[{"href":"https:\/\/diarioregionaldigital.com.br\/index.php?rest_route=\/wp\/v2\/types\/post"}],"author":[{"embeddable":true,"href":"https:\/\/diarioregionaldigital.com.br\/index.php?rest_route=\/wp\/v2\/users\/96"}],"replies":[{"embeddable":true,"href":"https:\/\/diarioregionaldigital.com.br\/index.php?rest_route=%2Fwp%2Fv2%2Fcomments&post=166272"}],"version-history":[{"count":0,"href":"https:\/\/diarioregionaldigital.com.br\/index.php?rest_route=\/wp\/v2\/posts\/166272\/revisions"}],"wp:attachment":[{"href":"https:\/\/diarioregionaldigital.com.br\/index.php?rest_route=%2Fwp%2Fv2%2Fmedia&parent=166272"}],"wp:term":[{"taxonomy":"category","embeddable":true,"href":"https:\/\/diarioregionaldigital.com.br\/index.php?rest_route=%2Fwp%2Fv2%2Fcategories&post=166272"},{"taxonomy":"post_tag","embeddable":true,"href":"https:\/\/diarioregionaldigital.com.br\/index.php?rest_route=%2Fwp%2Fv2%2Ftags&post=166272"}],"curies":[{"name":"wp","href":"https:\/\/api.w.org\/{rel}","templated":true}]}}