{"id":166270,"date":"2020-08-07T06:00:27","date_gmt":"2020-08-07T09:00:27","guid":{"rendered":"https:\/\/diarioregionaldigital.com.br\/?p=166270"},"modified":"2020-08-07T00:10:28","modified_gmt":"2020-08-07T03:10:28","slug":"prefeitura-municipal-de-descoberto-3-extrato-07-08-2020","status":"publish","type":"post","link":"https:\/\/diarioregionaldigital.com.br\/?p=166270","title":{"rendered":"Prefeitura Municipal de Descoberto 3 &#8211;  Extrato &#8211; 07\/08\/2020"},"content":{"rendered":"<p style=\"text-align: center;\"><strong>EXTRATO SEGUNDO TERMO ADITIVO DE CONTRATO<\/strong><\/p>\n<p style=\"text-align: center;\">2\u00ba Termo Aditivo- Pref. Municipal de Descoberto x \u00a0Hetikos Assessoria Ltda-ME &#8211; Objeto: Contrata\u00e7\u00e3o de empresa para presta\u00e7\u00e3o de servi\u00e7os de consultoria e assessoria t\u00e9cnica \u00e0 Secretaria Municipal de Educa\u00e7\u00e3o \u2013 Fundamento: Preg\u00e3o n\u00ba 013\/2018- \u00a0\u00a0Valor Global: 15.600,00 \u00a0&#8211; Vig\u00eancia: 12 meses &#8211; \u00a0Dot or\u00e7: 02.04001.12.122.0002.233-339039\/100 &#8211; Ass: 07\/08\/2020 a 07\/08\/2021 &#8211; Foro: S\u00e3o Jo\u00e3o Nepomuceno\/MG.<strong>\u00a0<\/strong><\/p>\n<p style=\"text-align: center;\"><strong>Marcos de Ara\u00fajo Lima<\/strong><\/p>\n<p style=\"text-align: center;\"><strong>Prefeito Municipal<\/strong><\/p>\n","protected":false},"excerpt":{"rendered":"<p>EXTRATO SEGUNDO TERMO ADITIVO DE CONTRATO 2\u00ba Termo Aditivo- Pref. Municipal de Descoberto x \u00a0Hetikos Assessoria Ltda-ME &#8211; Objeto: Contrata\u00e7\u00e3o de empresa para presta\u00e7\u00e3o de servi\u00e7os de consultoria e assessoria t\u00e9cnica \u00e0 Secretaria Municipal de Educa\u00e7\u00e3o \u2013 Fundamento: Preg\u00e3o n\u00ba 013\/2018- \u00a0\u00a0Valor Global: 15.600,00 \u00a0&#8211; Vig\u00eancia: 12 meses &#8211; \u00a0Dot or\u00e7: 02.04001.12.122.0002.233-339039\/100 &#8211; Ass: 07\/08\/2020 [&hellip;]<\/p>\n","protected":false},"author":96,"featured_media":0,"comment_status":"closed","ping_status":"closed","sticky":false,"template":"","format":"standard","meta":{"footnotes":""},"categories":[307],"tags":[],"class_list":["post-166270","post","type-post","status-publish","format-standard","hentry","category-editais"],"_links":{"self":[{"href":"https:\/\/diarioregionaldigital.com.br\/index.php?rest_route=\/wp\/v2\/posts\/166270","targetHints":{"allow":["GET"]}}],"collection":[{"href":"https:\/\/diarioregionaldigital.com.br\/index.php?rest_route=\/wp\/v2\/posts"}],"about":[{"href":"https:\/\/diarioregionaldigital.com.br\/index.php?rest_route=\/wp\/v2\/types\/post"}],"author":[{"embeddable":true,"href":"https:\/\/diarioregionaldigital.com.br\/index.php?rest_route=\/wp\/v2\/users\/96"}],"replies":[{"embeddable":true,"href":"https:\/\/diarioregionaldigital.com.br\/index.php?rest_route=%2Fwp%2Fv2%2Fcomments&post=166270"}],"version-history":[{"count":0,"href":"https:\/\/diarioregionaldigital.com.br\/index.php?rest_route=\/wp\/v2\/posts\/166270\/revisions"}],"wp:attachment":[{"href":"https:\/\/diarioregionaldigital.com.br\/index.php?rest_route=%2Fwp%2Fv2%2Fmedia&parent=166270"}],"wp:term":[{"taxonomy":"category","embeddable":true,"href":"https:\/\/diarioregionaldigital.com.br\/index.php?rest_route=%2Fwp%2Fv2%2Fcategories&post=166270"},{"taxonomy":"post_tag","embeddable":true,"href":"https:\/\/diarioregionaldigital.com.br\/index.php?rest_route=%2Fwp%2Fv2%2Ftags&post=166270"}],"curies":[{"name":"wp","href":"https:\/\/api.w.org\/{rel}","templated":true}]}}